{"id":628,"date":"2024-06-13T07:51:00","date_gmt":"2024-06-13T05:51:00","guid":{"rendered":"https:\/\/zeirpkielce.pl\/?p=628"},"modified":"2024-12-30T07:54:11","modified_gmt":"2024-12-30T06:54:11","slug":"nadzwyczajny-krajowy-zjazd-delegatow-zeirp-rp-w-warszawie","status":"publish","type":"post","link":"https:\/\/zeirpkielce.pl\/index.php\/2024\/06\/13\/nadzwyczajny-krajowy-zjazd-delegatow-zeirp-rp-w-warszawie\/","title":{"rendered":"Nadzwyczajny Krajowy Zjazd Delegat\u00f3w ZEiRP\u00a0RP w Warszawie"},"content":{"rendered":"\n<p>W sali konferencyjnej Komendy Wojew\u00f3dzkiej Pa\u0144stwowej Stra\u017cy Po\u017carnej w\u00a0Warszawie 13 czerwca 2024r. odby\u0142 si\u0119 Nadzwyczajny Krajowy Zjazd Delegat\u00f3w. Jedynym zadaniem Zjazdu by\u0142o uchwalenie poprawek do Statutu Zwi\u0105zku. Zweryfikowane poprawki zosta\u0142y przyj\u0119te\u00a0 i uchwalone. Nowy Statut Zwi\u0105zku zosta\u0142 z\u0142o\u017cony w KRS w Warszawie \u00a0w celu rejestracji. Drugim punktem obrad by\u0142o przyci\u0119cie Regulaminu Pracy G\u0142\u00f3wnej Komisji Rewizyjnej. Nasz oddzia\u0142 reprezentowali nast\u0119puj\u0105cy delegaci kol. Ewa K\u0119dzior, kol. S\u0142awomir Litwi\u0144ski i kol. Jerzy \u017belazny. \u00a0W Nadzwyczajny Krajowym Zje\u017adzie Delegat\u00f3w opr\u00f3cz delegat\u00f3w z\u00a0naszego oddzia\u0142u uczestniczyli kol. Wies\u0142aw Woszczyna wiceprezes Zarz\u0105du G\u0142\u00f3wnego oraz kol. Jerzy Kurek prezes Zarz\u0105du Oddzia\u0142u Wojew\u00f3dzkiego. Obradom NKZD przewodniczy\u0142 kol. Jerzy \u017belazny.<\/p>\n\n\n\n<p>W dniu 6 wrze\u015bnia2024 r. Krajowy Rejestr S\u0105dowy zatwierdzi\u0142 Statut naszego stowarzyszenia uchwalony przez Nadzwyczajny Krajowy Zjazd Delegat\u00f3w<\/p>\n","protected":false},"excerpt":{"rendered":"<p>W sali konferencyjnej Komendy Wojew\u00f3dzkiej Pa\u0144stwowej Stra\u017cy Po\u017carnej w\u00a0Warszawie 13 czerwca 2024r. odby\u0142 si\u0119 Nadzwyczajny Krajowy Zjazd Delegat\u00f3w. Jedynym zadaniem Zjazdu by\u0142o uchwalenie poprawek do Statutu Zwi\u0105zku. Zweryfikowane poprawki zosta\u0142y przyj\u0119te\u00a0 i uchwalone. Nowy Statut Zwi\u0105zku zosta\u0142 z\u0142o\u017cony w KRS w Warszawie \u00a0w celu rejestracji. Drugim punktem obrad by\u0142o przyci\u0119cie Regulaminu Pracy G\u0142\u00f3wnej Komisji Rewizyjnej. &hellip; <a href=\"https:\/\/zeirpkielce.pl\/index.php\/2024\/06\/13\/nadzwyczajny-krajowy-zjazd-delegatow-zeirp-rp-w-warszawie\/\" class=\"more-link\">Czytaj dalej <span class=\"screen-reader-text\">Nadzwyczajny Krajowy Zjazd Delegat\u00f3w ZEiRP\u00a0RP w Warszawie<\/span><\/a><\/p>\n","protected":false},"author":1,"featured_media":629,"comment_status":"closed","ping_status":"closed","sticky":false,"template":"","format":"standard","meta":{"footnotes":""},"categories":[9],"tags":[],"class_list":["post-628","post","type-post","status-publish","format-standard","has-post-thumbnail","hentry","category-posiedzenia"],"yoast_head":"<!-- This site is optimized with the Yoast SEO plugin v21.7 - https:\/\/yoast.com\/wordpress\/plugins\/seo\/ -->\n<title>Nadzwyczajny Krajowy Zjazd Delegat\u00f3w ZEiRP\u00a0RP w Warszawie - Zwi\u0105zek Emeryt\u00f3w i Rencist\u00f3w Po\u017carnictwa RP Oddzia\u0142 \u015awi\u0119tokrzyski<\/title>\n<meta name=\"robots\" content=\"index, follow, max-snippet:-1, max-image-preview:large, max-video-preview:-1\" \/>\n<link rel=\"canonical\" href=\"https:\/\/zeirpkielce.pl\/index.php\/2024\/06\/13\/nadzwyczajny-krajowy-zjazd-delegatow-zeirp-rp-w-warszawie\/\" \/>\n<meta property=\"og:locale\" content=\"pl_PL\" \/>\n<meta property=\"og:type\" content=\"article\" \/>\n<meta property=\"og:title\" content=\"Nadzwyczajny Krajowy Zjazd Delegat\u00f3w ZEiRP\u00a0RP w Warszawie - Zwi\u0105zek Emeryt\u00f3w i Rencist\u00f3w Po\u017carnictwa RP Oddzia\u0142 \u015awi\u0119tokrzyski\" \/>\n<meta property=\"og:description\" content=\"W sali konferencyjnej Komendy Wojew\u00f3dzkiej Pa\u0144stwowej Stra\u017cy Po\u017carnej w\u00a0Warszawie 13 czerwca 2024r. odby\u0142 si\u0119 Nadzwyczajny Krajowy Zjazd Delegat\u00f3w. Jedynym zadaniem Zjazdu by\u0142o uchwalenie poprawek do Statutu Zwi\u0105zku. Zweryfikowane poprawki zosta\u0142y przyj\u0119te\u00a0 i uchwalone. Nowy Statut Zwi\u0105zku zosta\u0142 z\u0142o\u017cony w KRS w Warszawie \u00a0w celu rejestracji. Drugim punktem obrad by\u0142o przyci\u0119cie Regulaminu Pracy G\u0142\u00f3wnej Komisji Rewizyjnej. &hellip; Czytaj dalej Nadzwyczajny Krajowy Zjazd Delegat\u00f3w ZEiRP\u00a0RP w Warszawie\" \/>\n<meta property=\"og:url\" content=\"https:\/\/zeirpkielce.pl\/index.php\/2024\/06\/13\/nadzwyczajny-krajowy-zjazd-delegatow-zeirp-rp-w-warszawie\/\" \/>\n<meta property=\"og:site_name\" content=\"Zwi\u0105zek Emeryt\u00f3w i Rencist\u00f3w Po\u017carnictwa RP Oddzia\u0142 \u015awi\u0119tokrzyski\" \/>\n<meta property=\"article:published_time\" content=\"2024-06-13T05:51:00+00:00\" \/>\n<meta property=\"article:modified_time\" content=\"2024-12-30T06:54:11+00:00\" \/>\n<meta property=\"og:image\" content=\"https:\/\/zeirpkielce.pl\/wp-content\/uploads\/2024\/12\/Nadzwyczajny_2024.jpg\" \/>\n\t<meta property=\"og:image:width\" content=\"1292\" \/>\n\t<meta property=\"og:image:height\" content=\"773\" \/>\n\t<meta property=\"og:image:type\" content=\"image\/jpeg\" \/>\n<meta name=\"author\" content=\"admin\" \/>\n<meta name=\"twitter:card\" content=\"summary_large_image\" \/>\n<meta name=\"twitter:label1\" content=\"Napisane przez\" \/>\n\t<meta name=\"twitter:data1\" content=\"admin\" \/>\n\t<meta name=\"twitter:label2\" content=\"Szacowany czas czytania\" \/>\n\t<meta name=\"twitter:data2\" content=\"1 minuta\" \/>\n<script type=\"application\/ld+json\" class=\"yoast-schema-graph\">{\"@context\":\"https:\/\/schema.org\",\"@graph\":[{\"@type\":\"Article\",\"@id\":\"https:\/\/zeirpkielce.pl\/index.php\/2024\/06\/13\/nadzwyczajny-krajowy-zjazd-delegatow-zeirp-rp-w-warszawie\/#article\",\"isPartOf\":{\"@id\":\"https:\/\/zeirpkielce.pl\/index.php\/2024\/06\/13\/nadzwyczajny-krajowy-zjazd-delegatow-zeirp-rp-w-warszawie\/\"},\"author\":{\"name\":\"admin\",\"@id\":\"https:\/\/zeirpkielce.pl\/#\/schema\/person\/517b52bd0a40d3b7e67a689a7028b618\"},\"headline\":\"Nadzwyczajny Krajowy Zjazd Delegat\u00f3w ZEiRP\u00a0RP w Warszawie\",\"datePublished\":\"2024-06-13T05:51:00+00:00\",\"dateModified\":\"2024-12-30T06:54:11+00:00\",\"mainEntityOfPage\":{\"@id\":\"https:\/\/zeirpkielce.pl\/index.php\/2024\/06\/13\/nadzwyczajny-krajowy-zjazd-delegatow-zeirp-rp-w-warszawie\/\"},\"wordCount\":161,\"publisher\":{\"@id\":\"https:\/\/zeirpkielce.pl\/#organization\"},\"articleSection\":[\"Posiedzenia\"],\"inLanguage\":\"pl-PL\"},{\"@type\":\"WebPage\",\"@id\":\"https:\/\/zeirpkielce.pl\/index.php\/2024\/06\/13\/nadzwyczajny-krajowy-zjazd-delegatow-zeirp-rp-w-warszawie\/\",\"url\":\"https:\/\/zeirpkielce.pl\/index.php\/2024\/06\/13\/nadzwyczajny-krajowy-zjazd-delegatow-zeirp-rp-w-warszawie\/\",\"name\":\"Nadzwyczajny Krajowy Zjazd Delegat\u00f3w ZEiRP\u00a0RP w Warszawie - Zwi\u0105zek Emeryt\u00f3w i Rencist\u00f3w Po\u017carnictwa RP Oddzia\u0142 \u015awi\u0119tokrzyski\",\"isPartOf\":{\"@id\":\"https:\/\/zeirpkielce.pl\/#website\"},\"datePublished\":\"2024-06-13T05:51:00+00:00\",\"dateModified\":\"2024-12-30T06:54:11+00:00\",\"breadcrumb\":{\"@id\":\"https:\/\/zeirpkielce.pl\/index.php\/2024\/06\/13\/nadzwyczajny-krajowy-zjazd-delegatow-zeirp-rp-w-warszawie\/#breadcrumb\"},\"inLanguage\":\"pl-PL\",\"potentialAction\":[{\"@type\":\"ReadAction\",\"target\":[\"https:\/\/zeirpkielce.pl\/index.php\/2024\/06\/13\/nadzwyczajny-krajowy-zjazd-delegatow-zeirp-rp-w-warszawie\/\"]}]},{\"@type\":\"BreadcrumbList\",\"@id\":\"https:\/\/zeirpkielce.pl\/index.php\/2024\/06\/13\/nadzwyczajny-krajowy-zjazd-delegatow-zeirp-rp-w-warszawie\/#breadcrumb\",\"itemListElement\":[{\"@type\":\"ListItem\",\"position\":1,\"name\":\"Strona g\u0142\u00f3wna\",\"item\":\"https:\/\/zeirpkielce.pl\/\"},{\"@type\":\"ListItem\",\"position\":2,\"name\":\"Nadzwyczajny Krajowy Zjazd Delegat\u00f3w ZEiRP\u00a0RP w Warszawie\"}]},{\"@type\":\"WebSite\",\"@id\":\"https:\/\/zeirpkielce.pl\/#website\",\"url\":\"https:\/\/zeirpkielce.pl\/\",\"name\":\"Zwi\u0105zek Emeryt\u00f3w i Rencist\u00f3w Po\u017carnictwa RP Oddzia\u0142 \u015awi\u0119tokrzyski\",\"description\":\"\",\"publisher\":{\"@id\":\"https:\/\/zeirpkielce.pl\/#organization\"},\"potentialAction\":[{\"@type\":\"SearchAction\",\"target\":{\"@type\":\"EntryPoint\",\"urlTemplate\":\"https:\/\/zeirpkielce.pl\/?s={search_term_string}\"},\"query-input\":\"required name=search_term_string\"}],\"inLanguage\":\"pl-PL\"},{\"@type\":\"Organization\",\"@id\":\"https:\/\/zeirpkielce.pl\/#organization\",\"name\":\"Zwi\u0105zek Emeryt\u00f3w i Rencist\u00f3w Po\u017carnictwa RP Oddzia\u0142 \u015awi\u0119tokrzyski\",\"url\":\"https:\/\/zeirpkielce.pl\/\",\"logo\":{\"@type\":\"ImageObject\",\"inLanguage\":\"pl-PL\",\"@id\":\"https:\/\/zeirpkielce.pl\/#\/schema\/logo\/image\/\",\"url\":\"https:\/\/zeirpkielce.pl\/wp-content\/uploads\/2022\/12\/cropped-zeirprplogo.png\",\"contentUrl\":\"https:\/\/zeirpkielce.pl\/wp-content\/uploads\/2022\/12\/cropped-zeirprplogo.png\",\"width\":248,\"height\":248,\"caption\":\"Zwi\u0105zek Emeryt\u00f3w i Rencist\u00f3w Po\u017carnictwa RP Oddzia\u0142 \u015awi\u0119tokrzyski\"},\"image\":{\"@id\":\"https:\/\/zeirpkielce.pl\/#\/schema\/logo\/image\/\"}},{\"@type\":\"Person\",\"@id\":\"https:\/\/zeirpkielce.pl\/#\/schema\/person\/517b52bd0a40d3b7e67a689a7028b618\",\"name\":\"admin\",\"image\":{\"@type\":\"ImageObject\",\"inLanguage\":\"pl-PL\",\"@id\":\"https:\/\/zeirpkielce.pl\/#\/schema\/person\/image\/\",\"url\":\"https:\/\/secure.gravatar.com\/avatar\/01e5bf355c02dd1777aba6eec5802cfd0f0404229aa9fd3bd63f3dabc5ca22c4?s=96&d=mm&r=g\",\"contentUrl\":\"https:\/\/secure.gravatar.com\/avatar\/01e5bf355c02dd1777aba6eec5802cfd0f0404229aa9fd3bd63f3dabc5ca22c4?s=96&d=mm&r=g\",\"caption\":\"admin\"},\"sameAs\":[\"http:\/\/zeirpkielce.pl\"],\"url\":\"https:\/\/zeirpkielce.pl\/index.php\/author\/admin\/\"}]}<\/script>\n<!-- \/ Yoast SEO plugin. -->","yoast_head_json":{"title":"Nadzwyczajny Krajowy Zjazd Delegat\u00f3w ZEiRP\u00a0RP w Warszawie - Zwi\u0105zek Emeryt\u00f3w i Rencist\u00f3w Po\u017carnictwa RP Oddzia\u0142 \u015awi\u0119tokrzyski","robots":{"index":"index","follow":"follow","max-snippet":"max-snippet:-1","max-image-preview":"max-image-preview:large","max-video-preview":"max-video-preview:-1"},"canonical":"https:\/\/zeirpkielce.pl\/index.php\/2024\/06\/13\/nadzwyczajny-krajowy-zjazd-delegatow-zeirp-rp-w-warszawie\/","og_locale":"pl_PL","og_type":"article","og_title":"Nadzwyczajny Krajowy Zjazd Delegat\u00f3w ZEiRP\u00a0RP w Warszawie - Zwi\u0105zek Emeryt\u00f3w i Rencist\u00f3w Po\u017carnictwa RP Oddzia\u0142 \u015awi\u0119tokrzyski","og_description":"W sali konferencyjnej Komendy Wojew\u00f3dzkiej Pa\u0144stwowej Stra\u017cy Po\u017carnej w\u00a0Warszawie 13 czerwca 2024r. odby\u0142 si\u0119 Nadzwyczajny Krajowy Zjazd Delegat\u00f3w. Jedynym zadaniem Zjazdu by\u0142o uchwalenie poprawek do Statutu Zwi\u0105zku. Zweryfikowane poprawki zosta\u0142y przyj\u0119te\u00a0 i uchwalone. Nowy Statut Zwi\u0105zku zosta\u0142 z\u0142o\u017cony w KRS w Warszawie \u00a0w celu rejestracji. Drugim punktem obrad by\u0142o przyci\u0119cie Regulaminu Pracy G\u0142\u00f3wnej Komisji Rewizyjnej. &hellip; Czytaj dalej Nadzwyczajny Krajowy Zjazd Delegat\u00f3w ZEiRP\u00a0RP w Warszawie","og_url":"https:\/\/zeirpkielce.pl\/index.php\/2024\/06\/13\/nadzwyczajny-krajowy-zjazd-delegatow-zeirp-rp-w-warszawie\/","og_site_name":"Zwi\u0105zek Emeryt\u00f3w i Rencist\u00f3w Po\u017carnictwa RP Oddzia\u0142 \u015awi\u0119tokrzyski","article_published_time":"2024-06-13T05:51:00+00:00","article_modified_time":"2024-12-30T06:54:11+00:00","og_image":[{"width":1292,"height":773,"url":"https:\/\/zeirpkielce.pl\/wp-content\/uploads\/2024\/12\/Nadzwyczajny_2024.jpg","type":"image\/jpeg"}],"author":"admin","twitter_card":"summary_large_image","twitter_misc":{"Napisane przez":"admin","Szacowany czas czytania":"1 minuta"},"schema":{"@context":"https:\/\/schema.org","@graph":[{"@type":"Article","@id":"https:\/\/zeirpkielce.pl\/index.php\/2024\/06\/13\/nadzwyczajny-krajowy-zjazd-delegatow-zeirp-rp-w-warszawie\/#article","isPartOf":{"@id":"https:\/\/zeirpkielce.pl\/index.php\/2024\/06\/13\/nadzwyczajny-krajowy-zjazd-delegatow-zeirp-rp-w-warszawie\/"},"author":{"name":"admin","@id":"https:\/\/zeirpkielce.pl\/#\/schema\/person\/517b52bd0a40d3b7e67a689a7028b618"},"headline":"Nadzwyczajny Krajowy Zjazd Delegat\u00f3w ZEiRP\u00a0RP w Warszawie","datePublished":"2024-06-13T05:51:00+00:00","dateModified":"2024-12-30T06:54:11+00:00","mainEntityOfPage":{"@id":"https:\/\/zeirpkielce.pl\/index.php\/2024\/06\/13\/nadzwyczajny-krajowy-zjazd-delegatow-zeirp-rp-w-warszawie\/"},"wordCount":161,"publisher":{"@id":"https:\/\/zeirpkielce.pl\/#organization"},"articleSection":["Posiedzenia"],"inLanguage":"pl-PL"},{"@type":"WebPage","@id":"https:\/\/zeirpkielce.pl\/index.php\/2024\/06\/13\/nadzwyczajny-krajowy-zjazd-delegatow-zeirp-rp-w-warszawie\/","url":"https:\/\/zeirpkielce.pl\/index.php\/2024\/06\/13\/nadzwyczajny-krajowy-zjazd-delegatow-zeirp-rp-w-warszawie\/","name":"Nadzwyczajny Krajowy Zjazd Delegat\u00f3w ZEiRP\u00a0RP w Warszawie - Zwi\u0105zek Emeryt\u00f3w i Rencist\u00f3w Po\u017carnictwa RP Oddzia\u0142 \u015awi\u0119tokrzyski","isPartOf":{"@id":"https:\/\/zeirpkielce.pl\/#website"},"datePublished":"2024-06-13T05:51:00+00:00","dateModified":"2024-12-30T06:54:11+00:00","breadcrumb":{"@id":"https:\/\/zeirpkielce.pl\/index.php\/2024\/06\/13\/nadzwyczajny-krajowy-zjazd-delegatow-zeirp-rp-w-warszawie\/#breadcrumb"},"inLanguage":"pl-PL","potentialAction":[{"@type":"ReadAction","target":["https:\/\/zeirpkielce.pl\/index.php\/2024\/06\/13\/nadzwyczajny-krajowy-zjazd-delegatow-zeirp-rp-w-warszawie\/"]}]},{"@type":"BreadcrumbList","@id":"https:\/\/zeirpkielce.pl\/index.php\/2024\/06\/13\/nadzwyczajny-krajowy-zjazd-delegatow-zeirp-rp-w-warszawie\/#breadcrumb","itemListElement":[{"@type":"ListItem","position":1,"name":"Strona g\u0142\u00f3wna","item":"https:\/\/zeirpkielce.pl\/"},{"@type":"ListItem","position":2,"name":"Nadzwyczajny Krajowy Zjazd Delegat\u00f3w ZEiRP\u00a0RP w Warszawie"}]},{"@type":"WebSite","@id":"https:\/\/zeirpkielce.pl\/#website","url":"https:\/\/zeirpkielce.pl\/","name":"Zwi\u0105zek Emeryt\u00f3w i Rencist\u00f3w Po\u017carnictwa RP Oddzia\u0142 \u015awi\u0119tokrzyski","description":"","publisher":{"@id":"https:\/\/zeirpkielce.pl\/#organization"},"potentialAction":[{"@type":"SearchAction","target":{"@type":"EntryPoint","urlTemplate":"https:\/\/zeirpkielce.pl\/?s={search_term_string}"},"query-input":"required name=search_term_string"}],"inLanguage":"pl-PL"},{"@type":"Organization","@id":"https:\/\/zeirpkielce.pl\/#organization","name":"Zwi\u0105zek Emeryt\u00f3w i Rencist\u00f3w Po\u017carnictwa RP Oddzia\u0142 \u015awi\u0119tokrzyski","url":"https:\/\/zeirpkielce.pl\/","logo":{"@type":"ImageObject","inLanguage":"pl-PL","@id":"https:\/\/zeirpkielce.pl\/#\/schema\/logo\/image\/","url":"https:\/\/zeirpkielce.pl\/wp-content\/uploads\/2022\/12\/cropped-zeirprplogo.png","contentUrl":"https:\/\/zeirpkielce.pl\/wp-content\/uploads\/2022\/12\/cropped-zeirprplogo.png","width":248,"height":248,"caption":"Zwi\u0105zek Emeryt\u00f3w i Rencist\u00f3w Po\u017carnictwa RP Oddzia\u0142 \u015awi\u0119tokrzyski"},"image":{"@id":"https:\/\/zeirpkielce.pl\/#\/schema\/logo\/image\/"}},{"@type":"Person","@id":"https:\/\/zeirpkielce.pl\/#\/schema\/person\/517b52bd0a40d3b7e67a689a7028b618","name":"admin","image":{"@type":"ImageObject","inLanguage":"pl-PL","@id":"https:\/\/zeirpkielce.pl\/#\/schema\/person\/image\/","url":"https:\/\/secure.gravatar.com\/avatar\/01e5bf355c02dd1777aba6eec5802cfd0f0404229aa9fd3bd63f3dabc5ca22c4?s=96&d=mm&r=g","contentUrl":"https:\/\/secure.gravatar.com\/avatar\/01e5bf355c02dd1777aba6eec5802cfd0f0404229aa9fd3bd63f3dabc5ca22c4?s=96&d=mm&r=g","caption":"admin"},"sameAs":["http:\/\/zeirpkielce.pl"],"url":"https:\/\/zeirpkielce.pl\/index.php\/author\/admin\/"}]}},"_links":{"self":[{"href":"https:\/\/zeirpkielce.pl\/index.php\/wp-json\/wp\/v2\/posts\/628","targetHints":{"allow":["GET"]}}],"collection":[{"href":"https:\/\/zeirpkielce.pl\/index.php\/wp-json\/wp\/v2\/posts"}],"about":[{"href":"https:\/\/zeirpkielce.pl\/index.php\/wp-json\/wp\/v2\/types\/post"}],"author":[{"embeddable":true,"href":"https:\/\/zeirpkielce.pl\/index.php\/wp-json\/wp\/v2\/users\/1"}],"replies":[{"embeddable":true,"href":"https:\/\/zeirpkielce.pl\/index.php\/wp-json\/wp\/v2\/comments?post=628"}],"version-history":[{"count":1,"href":"https:\/\/zeirpkielce.pl\/index.php\/wp-json\/wp\/v2\/posts\/628\/revisions"}],"predecessor-version":[{"id":630,"href":"https:\/\/zeirpkielce.pl\/index.php\/wp-json\/wp\/v2\/posts\/628\/revisions\/630"}],"wp:featuredmedia":[{"embeddable":true,"href":"https:\/\/zeirpkielce.pl\/index.php\/wp-json\/wp\/v2\/media\/629"}],"wp:attachment":[{"href":"https:\/\/zeirpkielce.pl\/index.php\/wp-json\/wp\/v2\/media?parent=628"}],"wp:term":[{"taxonomy":"category","embeddable":true,"href":"https:\/\/zeirpkielce.pl\/index.php\/wp-json\/wp\/v2\/categories?post=628"},{"taxonomy":"post_tag","embeddable":true,"href":"https:\/\/zeirpkielce.pl\/index.php\/wp-json\/wp\/v2\/tags?post=628"}],"curies":[{"name":"wp","href":"https:\/\/api.w.org\/{rel}","templated":true}]}}