{"id":605,"date":"2024-10-15T15:16:00","date_gmt":"2024-10-15T13:16:00","guid":{"rendered":"https:\/\/zeirpkielce.pl\/?p=605"},"modified":"2024-12-13T15:19:22","modified_gmt":"2024-12-13T14:19:22","slug":"v-posiedzenie-oddzialu-wojewodzkiego-ze-i-rp-rp-w-kielcach-viii-kadencji","status":"publish","type":"post","link":"https:\/\/zeirpkielce.pl\/index.php\/2024\/10\/15\/v-posiedzenie-oddzialu-wojewodzkiego-ze-i-rp-rp-w-kielcach-viii-kadencji\/","title":{"rendered":"V Posiedzenie Oddzia\u0142u Wojew\u00f3dzkiego ZE i RP RP w Kielcach VIII Kadencji"},"content":{"rendered":"\n<p>V Posiedzenie ZOW ZEiRP RP odby\u0142o si\u0119 w dniu 15 pa\u017adziernika 2024 w siedzibie Komendy Wojew\u00f3dzkiej PSP (O\u015brodek Szkolenia). W posiedzeniu udzia\u0142 wzi\u0119li Prezesi K\u00f3\u0142 i Cz\u0142onkowie Zarz\u0105du Oddzia\u0142u Wojew\u00f3dzkiego.<\/p>\n\n\n\n<p>Posiedzenie otworzy\u0142 Prezes ZOW kol. Jerzy Kurek kt\u00f3ry przedstawi\u0142 program posiedzenia. Program zawiera\u0142:<\/p>\n\n\n\n<p>Sprawy zwi\u0105zane z obchodami 30 &#8211; lecia Zwi\u0105zku tj.<\/p>\n\n\n\n<ul class=\"wp-block-list\">\n<li>przygotowania do 30 &#8211; lecia Zwi\u0105zku<\/li>\n\n\n\n<li>informacje odno\u015bnie zakupu medali okoliczno\u015bciowych z okazji 30 lecia Zwi\u0105zku<\/li>\n\n\n\n<li>informacj\u0119 dotycz\u0105c\u0105 \u00a0wydanej ksi\u0105\u017cki przez Zarz\u0105d G\u0142\u00f3wny<\/li>\n\n\n\n<li>informacj\u0119 odno\u015bnie ksi\u0105\u017cki kt\u00f3ra b\u0119dzie wydana przez ZOW<\/li>\n\n\n\n<li>przygotowanie upomink\u00f3w dla uczestnik\u00f3w jubileuszu<\/li>\n\n\n\n<li>informacj\u0119 o odznaczeniach i innych form podzi\u0119kowania<\/li>\n\n\n\n<li>informacj\u0119 o ilo\u015bci os\u00f3b uczestnicz\u0105cych w jubileuszu<\/li>\n<\/ul>\n\n\n\n<p>Na zako\u0144czenie posiedzenia poinformowano Zarz\u0105d o udziale cz\u0142onk\u00f3w Prezydium ZOW w\u00a0spotkaniach jubileuszowych w oddzia\u0142ach:<\/p>\n\n\n\n<figure class=\"wp-block-image size-large\"><img loading=\"lazy\" decoding=\"async\" width=\"1024\" height=\"682\" src=\"https:\/\/zeirpkielce.pl\/wp-content\/uploads\/2024\/12\/5_posiedzenie_2-1024x682.jpg\" alt=\"\" class=\"wp-image-603\" srcset=\"https:\/\/zeirpkielce.pl\/wp-content\/uploads\/2024\/12\/5_posiedzenie_2-1024x682.jpg 1024w, https:\/\/zeirpkielce.pl\/wp-content\/uploads\/2024\/12\/5_posiedzenie_2-300x200.jpg 300w, https:\/\/zeirpkielce.pl\/wp-content\/uploads\/2024\/12\/5_posiedzenie_2-768x512.jpg 768w, https:\/\/zeirpkielce.pl\/wp-content\/uploads\/2024\/12\/5_posiedzenie_2.jpg 1280w\" sizes=\"auto, (max-width: 1024px) 100vw, 1024px\" \/><\/figure>\n\n\n\n<p><\/p>\n\n\n\n<figure class=\"wp-block-image size-large\"><img loading=\"lazy\" decoding=\"async\" width=\"1024\" height=\"721\" src=\"https:\/\/zeirpkielce.pl\/wp-content\/uploads\/2024\/12\/5_posiedzenie_3-1024x721.jpg\" alt=\"\" class=\"wp-image-604\" srcset=\"https:\/\/zeirpkielce.pl\/wp-content\/uploads\/2024\/12\/5_posiedzenie_3-1024x721.jpg 1024w, https:\/\/zeirpkielce.pl\/wp-content\/uploads\/2024\/12\/5_posiedzenie_3-300x211.jpg 300w, https:\/\/zeirpkielce.pl\/wp-content\/uploads\/2024\/12\/5_posiedzenie_3-768x541.jpg 768w, https:\/\/zeirpkielce.pl\/wp-content\/uploads\/2024\/12\/5_posiedzenie_3.jpg 1370w\" sizes=\"auto, (max-width: 1024px) 100vw, 1024px\" \/><\/figure>\n","protected":false},"excerpt":{"rendered":"<p>V Posiedzenie ZOW ZEiRP RP odby\u0142o si\u0119 w dniu 15 pa\u017adziernika 2024 w siedzibie Komendy Wojew\u00f3dzkiej PSP (O\u015brodek Szkolenia). W posiedzeniu udzia\u0142 wzi\u0119li Prezesi K\u00f3\u0142 i Cz\u0142onkowie Zarz\u0105du Oddzia\u0142u Wojew\u00f3dzkiego. Posiedzenie otworzy\u0142 Prezes ZOW kol. Jerzy Kurek kt\u00f3ry przedstawi\u0142 program posiedzenia. Program zawiera\u0142: Sprawy zwi\u0105zane z obchodami 30 &#8211; lecia Zwi\u0105zku tj. Na zako\u0144czenie posiedzenia &hellip; <a href=\"https:\/\/zeirpkielce.pl\/index.php\/2024\/10\/15\/v-posiedzenie-oddzialu-wojewodzkiego-ze-i-rp-rp-w-kielcach-viii-kadencji\/\" class=\"more-link\">Czytaj dalej <span class=\"screen-reader-text\">V Posiedzenie Oddzia\u0142u Wojew\u00f3dzkiego ZE i RP RP w Kielcach VIII Kadencji<\/span><\/a><\/p>\n","protected":false},"author":1,"featured_media":602,"comment_status":"closed","ping_status":"closed","sticky":false,"template":"","format":"standard","meta":{"footnotes":""},"categories":[9],"tags":[],"class_list":["post-605","post","type-post","status-publish","format-standard","has-post-thumbnail","hentry","category-posiedzenia"],"yoast_head":"<!-- This site is optimized with the Yoast SEO plugin v21.7 - https:\/\/yoast.com\/wordpress\/plugins\/seo\/ -->\n<title>V Posiedzenie Oddzia\u0142u Wojew\u00f3dzkiego ZE i RP RP w Kielcach VIII Kadencji - Zwi\u0105zek Emeryt\u00f3w i Rencist\u00f3w Po\u017carnictwa RP Oddzia\u0142 \u015awi\u0119tokrzyski<\/title>\n<meta name=\"robots\" content=\"index, follow, max-snippet:-1, max-image-preview:large, max-video-preview:-1\" \/>\n<link rel=\"canonical\" href=\"https:\/\/zeirpkielce.pl\/index.php\/2024\/10\/15\/v-posiedzenie-oddzialu-wojewodzkiego-ze-i-rp-rp-w-kielcach-viii-kadencji\/\" \/>\n<meta property=\"og:locale\" content=\"pl_PL\" \/>\n<meta property=\"og:type\" content=\"article\" \/>\n<meta property=\"og:title\" content=\"V Posiedzenie Oddzia\u0142u Wojew\u00f3dzkiego ZE i RP RP w Kielcach VIII Kadencji - Zwi\u0105zek Emeryt\u00f3w i Rencist\u00f3w Po\u017carnictwa RP Oddzia\u0142 \u015awi\u0119tokrzyski\" \/>\n<meta property=\"og:description\" content=\"V Posiedzenie ZOW ZEiRP RP odby\u0142o si\u0119 w dniu 15 pa\u017adziernika 2024 w siedzibie Komendy Wojew\u00f3dzkiej PSP (O\u015brodek Szkolenia). W posiedzeniu udzia\u0142 wzi\u0119li Prezesi K\u00f3\u0142 i Cz\u0142onkowie Zarz\u0105du Oddzia\u0142u Wojew\u00f3dzkiego. Posiedzenie otworzy\u0142 Prezes ZOW kol. Jerzy Kurek kt\u00f3ry przedstawi\u0142 program posiedzenia. Program zawiera\u0142: Sprawy zwi\u0105zane z obchodami 30 &#8211; lecia Zwi\u0105zku tj. Na zako\u0144czenie posiedzenia &hellip; Czytaj dalej V Posiedzenie Oddzia\u0142u Wojew\u00f3dzkiego ZE i RP RP w Kielcach VIII Kadencji\" \/>\n<meta property=\"og:url\" content=\"https:\/\/zeirpkielce.pl\/index.php\/2024\/10\/15\/v-posiedzenie-oddzialu-wojewodzkiego-ze-i-rp-rp-w-kielcach-viii-kadencji\/\" \/>\n<meta property=\"og:site_name\" content=\"Zwi\u0105zek Emeryt\u00f3w i Rencist\u00f3w Po\u017carnictwa RP Oddzia\u0142 \u015awi\u0119tokrzyski\" \/>\n<meta property=\"article:published_time\" content=\"2024-10-15T13:16:00+00:00\" \/>\n<meta property=\"article:modified_time\" content=\"2024-12-13T14:19:22+00:00\" \/>\n<meta property=\"og:image\" content=\"https:\/\/zeirpkielce.pl\/wp-content\/uploads\/2024\/12\/5_posiedzenie_1.jpg\" \/>\n\t<meta property=\"og:image:width\" content=\"1166\" \/>\n\t<meta property=\"og:image:height\" content=\"834\" \/>\n\t<meta property=\"og:image:type\" content=\"image\/jpeg\" \/>\n<meta name=\"author\" content=\"admin\" \/>\n<meta name=\"twitter:card\" content=\"summary_large_image\" \/>\n<meta name=\"twitter:label1\" content=\"Napisane przez\" \/>\n\t<meta name=\"twitter:data1\" content=\"admin\" \/>\n\t<meta name=\"twitter:label2\" content=\"Szacowany czas czytania\" \/>\n\t<meta name=\"twitter:data2\" content=\"2 minuty\" \/>\n<script type=\"application\/ld+json\" class=\"yoast-schema-graph\">{\"@context\":\"https:\/\/schema.org\",\"@graph\":[{\"@type\":\"Article\",\"@id\":\"https:\/\/zeirpkielce.pl\/index.php\/2024\/10\/15\/v-posiedzenie-oddzialu-wojewodzkiego-ze-i-rp-rp-w-kielcach-viii-kadencji\/#article\",\"isPartOf\":{\"@id\":\"https:\/\/zeirpkielce.pl\/index.php\/2024\/10\/15\/v-posiedzenie-oddzialu-wojewodzkiego-ze-i-rp-rp-w-kielcach-viii-kadencji\/\"},\"author\":{\"name\":\"admin\",\"@id\":\"https:\/\/zeirpkielce.pl\/#\/schema\/person\/517b52bd0a40d3b7e67a689a7028b618\"},\"headline\":\"V Posiedzenie Oddzia\u0142u Wojew\u00f3dzkiego ZE i RP RP w Kielcach VIII Kadencji\",\"datePublished\":\"2024-10-15T13:16:00+00:00\",\"dateModified\":\"2024-12-13T14:19:22+00:00\",\"mainEntityOfPage\":{\"@id\":\"https:\/\/zeirpkielce.pl\/index.php\/2024\/10\/15\/v-posiedzenie-oddzialu-wojewodzkiego-ze-i-rp-rp-w-kielcach-viii-kadencji\/\"},\"wordCount\":161,\"publisher\":{\"@id\":\"https:\/\/zeirpkielce.pl\/#organization\"},\"articleSection\":[\"Posiedzenia\"],\"inLanguage\":\"pl-PL\"},{\"@type\":\"WebPage\",\"@id\":\"https:\/\/zeirpkielce.pl\/index.php\/2024\/10\/15\/v-posiedzenie-oddzialu-wojewodzkiego-ze-i-rp-rp-w-kielcach-viii-kadencji\/\",\"url\":\"https:\/\/zeirpkielce.pl\/index.php\/2024\/10\/15\/v-posiedzenie-oddzialu-wojewodzkiego-ze-i-rp-rp-w-kielcach-viii-kadencji\/\",\"name\":\"V Posiedzenie Oddzia\u0142u Wojew\u00f3dzkiego ZE i RP RP w Kielcach VIII Kadencji - Zwi\u0105zek Emeryt\u00f3w i Rencist\u00f3w Po\u017carnictwa RP Oddzia\u0142 \u015awi\u0119tokrzyski\",\"isPartOf\":{\"@id\":\"https:\/\/zeirpkielce.pl\/#website\"},\"datePublished\":\"2024-10-15T13:16:00+00:00\",\"dateModified\":\"2024-12-13T14:19:22+00:00\",\"breadcrumb\":{\"@id\":\"https:\/\/zeirpkielce.pl\/index.php\/2024\/10\/15\/v-posiedzenie-oddzialu-wojewodzkiego-ze-i-rp-rp-w-kielcach-viii-kadencji\/#breadcrumb\"},\"inLanguage\":\"pl-PL\",\"potentialAction\":[{\"@type\":\"ReadAction\",\"target\":[\"https:\/\/zeirpkielce.pl\/index.php\/2024\/10\/15\/v-posiedzenie-oddzialu-wojewodzkiego-ze-i-rp-rp-w-kielcach-viii-kadencji\/\"]}]},{\"@type\":\"BreadcrumbList\",\"@id\":\"https:\/\/zeirpkielce.pl\/index.php\/2024\/10\/15\/v-posiedzenie-oddzialu-wojewodzkiego-ze-i-rp-rp-w-kielcach-viii-kadencji\/#breadcrumb\",\"itemListElement\":[{\"@type\":\"ListItem\",\"position\":1,\"name\":\"Strona g\u0142\u00f3wna\",\"item\":\"https:\/\/zeirpkielce.pl\/\"},{\"@type\":\"ListItem\",\"position\":2,\"name\":\"V Posiedzenie Oddzia\u0142u Wojew\u00f3dzkiego ZE i RP RP w Kielcach VIII Kadencji\"}]},{\"@type\":\"WebSite\",\"@id\":\"https:\/\/zeirpkielce.pl\/#website\",\"url\":\"https:\/\/zeirpkielce.pl\/\",\"name\":\"Zwi\u0105zek Emeryt\u00f3w i Rencist\u00f3w Po\u017carnictwa RP Oddzia\u0142 \u015awi\u0119tokrzyski\",\"description\":\"\",\"publisher\":{\"@id\":\"https:\/\/zeirpkielce.pl\/#organization\"},\"potentialAction\":[{\"@type\":\"SearchAction\",\"target\":{\"@type\":\"EntryPoint\",\"urlTemplate\":\"https:\/\/zeirpkielce.pl\/?s={search_term_string}\"},\"query-input\":\"required name=search_term_string\"}],\"inLanguage\":\"pl-PL\"},{\"@type\":\"Organization\",\"@id\":\"https:\/\/zeirpkielce.pl\/#organization\",\"name\":\"Zwi\u0105zek Emeryt\u00f3w i Rencist\u00f3w Po\u017carnictwa RP Oddzia\u0142 \u015awi\u0119tokrzyski\",\"url\":\"https:\/\/zeirpkielce.pl\/\",\"logo\":{\"@type\":\"ImageObject\",\"inLanguage\":\"pl-PL\",\"@id\":\"https:\/\/zeirpkielce.pl\/#\/schema\/logo\/image\/\",\"url\":\"https:\/\/zeirpkielce.pl\/wp-content\/uploads\/2022\/12\/cropped-zeirprplogo.png\",\"contentUrl\":\"https:\/\/zeirpkielce.pl\/wp-content\/uploads\/2022\/12\/cropped-zeirprplogo.png\",\"width\":248,\"height\":248,\"caption\":\"Zwi\u0105zek Emeryt\u00f3w i Rencist\u00f3w Po\u017carnictwa RP Oddzia\u0142 \u015awi\u0119tokrzyski\"},\"image\":{\"@id\":\"https:\/\/zeirpkielce.pl\/#\/schema\/logo\/image\/\"}},{\"@type\":\"Person\",\"@id\":\"https:\/\/zeirpkielce.pl\/#\/schema\/person\/517b52bd0a40d3b7e67a689a7028b618\",\"name\":\"admin\",\"image\":{\"@type\":\"ImageObject\",\"inLanguage\":\"pl-PL\",\"@id\":\"https:\/\/zeirpkielce.pl\/#\/schema\/person\/image\/\",\"url\":\"https:\/\/secure.gravatar.com\/avatar\/01e5bf355c02dd1777aba6eec5802cfd0f0404229aa9fd3bd63f3dabc5ca22c4?s=96&d=mm&r=g\",\"contentUrl\":\"https:\/\/secure.gravatar.com\/avatar\/01e5bf355c02dd1777aba6eec5802cfd0f0404229aa9fd3bd63f3dabc5ca22c4?s=96&d=mm&r=g\",\"caption\":\"admin\"},\"sameAs\":[\"http:\/\/zeirpkielce.pl\"],\"url\":\"https:\/\/zeirpkielce.pl\/index.php\/author\/admin\/\"}]}<\/script>\n<!-- \/ Yoast SEO plugin. -->","yoast_head_json":{"title":"V Posiedzenie Oddzia\u0142u Wojew\u00f3dzkiego ZE i RP RP w Kielcach VIII Kadencji - Zwi\u0105zek Emeryt\u00f3w i Rencist\u00f3w Po\u017carnictwa RP Oddzia\u0142 \u015awi\u0119tokrzyski","robots":{"index":"index","follow":"follow","max-snippet":"max-snippet:-1","max-image-preview":"max-image-preview:large","max-video-preview":"max-video-preview:-1"},"canonical":"https:\/\/zeirpkielce.pl\/index.php\/2024\/10\/15\/v-posiedzenie-oddzialu-wojewodzkiego-ze-i-rp-rp-w-kielcach-viii-kadencji\/","og_locale":"pl_PL","og_type":"article","og_title":"V Posiedzenie Oddzia\u0142u Wojew\u00f3dzkiego ZE i RP RP w Kielcach VIII Kadencji - Zwi\u0105zek Emeryt\u00f3w i Rencist\u00f3w Po\u017carnictwa RP Oddzia\u0142 \u015awi\u0119tokrzyski","og_description":"V Posiedzenie ZOW ZEiRP RP odby\u0142o si\u0119 w dniu 15 pa\u017adziernika 2024 w siedzibie Komendy Wojew\u00f3dzkiej PSP (O\u015brodek Szkolenia). W posiedzeniu udzia\u0142 wzi\u0119li Prezesi K\u00f3\u0142 i Cz\u0142onkowie Zarz\u0105du Oddzia\u0142u Wojew\u00f3dzkiego. Posiedzenie otworzy\u0142 Prezes ZOW kol. Jerzy Kurek kt\u00f3ry przedstawi\u0142 program posiedzenia. Program zawiera\u0142: Sprawy zwi\u0105zane z obchodami 30 &#8211; lecia Zwi\u0105zku tj. Na zako\u0144czenie posiedzenia &hellip; Czytaj dalej V Posiedzenie Oddzia\u0142u Wojew\u00f3dzkiego ZE i RP RP w Kielcach VIII Kadencji","og_url":"https:\/\/zeirpkielce.pl\/index.php\/2024\/10\/15\/v-posiedzenie-oddzialu-wojewodzkiego-ze-i-rp-rp-w-kielcach-viii-kadencji\/","og_site_name":"Zwi\u0105zek Emeryt\u00f3w i Rencist\u00f3w Po\u017carnictwa RP Oddzia\u0142 \u015awi\u0119tokrzyski","article_published_time":"2024-10-15T13:16:00+00:00","article_modified_time":"2024-12-13T14:19:22+00:00","og_image":[{"width":1166,"height":834,"url":"https:\/\/zeirpkielce.pl\/wp-content\/uploads\/2024\/12\/5_posiedzenie_1.jpg","type":"image\/jpeg"}],"author":"admin","twitter_card":"summary_large_image","twitter_misc":{"Napisane przez":"admin","Szacowany czas czytania":"2 minuty"},"schema":{"@context":"https:\/\/schema.org","@graph":[{"@type":"Article","@id":"https:\/\/zeirpkielce.pl\/index.php\/2024\/10\/15\/v-posiedzenie-oddzialu-wojewodzkiego-ze-i-rp-rp-w-kielcach-viii-kadencji\/#article","isPartOf":{"@id":"https:\/\/zeirpkielce.pl\/index.php\/2024\/10\/15\/v-posiedzenie-oddzialu-wojewodzkiego-ze-i-rp-rp-w-kielcach-viii-kadencji\/"},"author":{"name":"admin","@id":"https:\/\/zeirpkielce.pl\/#\/schema\/person\/517b52bd0a40d3b7e67a689a7028b618"},"headline":"V Posiedzenie Oddzia\u0142u Wojew\u00f3dzkiego ZE i RP RP w Kielcach VIII Kadencji","datePublished":"2024-10-15T13:16:00+00:00","dateModified":"2024-12-13T14:19:22+00:00","mainEntityOfPage":{"@id":"https:\/\/zeirpkielce.pl\/index.php\/2024\/10\/15\/v-posiedzenie-oddzialu-wojewodzkiego-ze-i-rp-rp-w-kielcach-viii-kadencji\/"},"wordCount":161,"publisher":{"@id":"https:\/\/zeirpkielce.pl\/#organization"},"articleSection":["Posiedzenia"],"inLanguage":"pl-PL"},{"@type":"WebPage","@id":"https:\/\/zeirpkielce.pl\/index.php\/2024\/10\/15\/v-posiedzenie-oddzialu-wojewodzkiego-ze-i-rp-rp-w-kielcach-viii-kadencji\/","url":"https:\/\/zeirpkielce.pl\/index.php\/2024\/10\/15\/v-posiedzenie-oddzialu-wojewodzkiego-ze-i-rp-rp-w-kielcach-viii-kadencji\/","name":"V Posiedzenie Oddzia\u0142u Wojew\u00f3dzkiego ZE i RP RP w Kielcach VIII Kadencji - Zwi\u0105zek Emeryt\u00f3w i Rencist\u00f3w Po\u017carnictwa RP Oddzia\u0142 \u015awi\u0119tokrzyski","isPartOf":{"@id":"https:\/\/zeirpkielce.pl\/#website"},"datePublished":"2024-10-15T13:16:00+00:00","dateModified":"2024-12-13T14:19:22+00:00","breadcrumb":{"@id":"https:\/\/zeirpkielce.pl\/index.php\/2024\/10\/15\/v-posiedzenie-oddzialu-wojewodzkiego-ze-i-rp-rp-w-kielcach-viii-kadencji\/#breadcrumb"},"inLanguage":"pl-PL","potentialAction":[{"@type":"ReadAction","target":["https:\/\/zeirpkielce.pl\/index.php\/2024\/10\/15\/v-posiedzenie-oddzialu-wojewodzkiego-ze-i-rp-rp-w-kielcach-viii-kadencji\/"]}]},{"@type":"BreadcrumbList","@id":"https:\/\/zeirpkielce.pl\/index.php\/2024\/10\/15\/v-posiedzenie-oddzialu-wojewodzkiego-ze-i-rp-rp-w-kielcach-viii-kadencji\/#breadcrumb","itemListElement":[{"@type":"ListItem","position":1,"name":"Strona g\u0142\u00f3wna","item":"https:\/\/zeirpkielce.pl\/"},{"@type":"ListItem","position":2,"name":"V Posiedzenie Oddzia\u0142u Wojew\u00f3dzkiego ZE i RP RP w Kielcach VIII Kadencji"}]},{"@type":"WebSite","@id":"https:\/\/zeirpkielce.pl\/#website","url":"https:\/\/zeirpkielce.pl\/","name":"Zwi\u0105zek Emeryt\u00f3w i Rencist\u00f3w Po\u017carnictwa RP Oddzia\u0142 \u015awi\u0119tokrzyski","description":"","publisher":{"@id":"https:\/\/zeirpkielce.pl\/#organization"},"potentialAction":[{"@type":"SearchAction","target":{"@type":"EntryPoint","urlTemplate":"https:\/\/zeirpkielce.pl\/?s={search_term_string}"},"query-input":"required name=search_term_string"}],"inLanguage":"pl-PL"},{"@type":"Organization","@id":"https:\/\/zeirpkielce.pl\/#organization","name":"Zwi\u0105zek Emeryt\u00f3w i Rencist\u00f3w Po\u017carnictwa RP Oddzia\u0142 \u015awi\u0119tokrzyski","url":"https:\/\/zeirpkielce.pl\/","logo":{"@type":"ImageObject","inLanguage":"pl-PL","@id":"https:\/\/zeirpkielce.pl\/#\/schema\/logo\/image\/","url":"https:\/\/zeirpkielce.pl\/wp-content\/uploads\/2022\/12\/cropped-zeirprplogo.png","contentUrl":"https:\/\/zeirpkielce.pl\/wp-content\/uploads\/2022\/12\/cropped-zeirprplogo.png","width":248,"height":248,"caption":"Zwi\u0105zek Emeryt\u00f3w i Rencist\u00f3w Po\u017carnictwa RP Oddzia\u0142 \u015awi\u0119tokrzyski"},"image":{"@id":"https:\/\/zeirpkielce.pl\/#\/schema\/logo\/image\/"}},{"@type":"Person","@id":"https:\/\/zeirpkielce.pl\/#\/schema\/person\/517b52bd0a40d3b7e67a689a7028b618","name":"admin","image":{"@type":"ImageObject","inLanguage":"pl-PL","@id":"https:\/\/zeirpkielce.pl\/#\/schema\/person\/image\/","url":"https:\/\/secure.gravatar.com\/avatar\/01e5bf355c02dd1777aba6eec5802cfd0f0404229aa9fd3bd63f3dabc5ca22c4?s=96&d=mm&r=g","contentUrl":"https:\/\/secure.gravatar.com\/avatar\/01e5bf355c02dd1777aba6eec5802cfd0f0404229aa9fd3bd63f3dabc5ca22c4?s=96&d=mm&r=g","caption":"admin"},"sameAs":["http:\/\/zeirpkielce.pl"],"url":"https:\/\/zeirpkielce.pl\/index.php\/author\/admin\/"}]}},"_links":{"self":[{"href":"https:\/\/zeirpkielce.pl\/index.php\/wp-json\/wp\/v2\/posts\/605","targetHints":{"allow":["GET"]}}],"collection":[{"href":"https:\/\/zeirpkielce.pl\/index.php\/wp-json\/wp\/v2\/posts"}],"about":[{"href":"https:\/\/zeirpkielce.pl\/index.php\/wp-json\/wp\/v2\/types\/post"}],"author":[{"embeddable":true,"href":"https:\/\/zeirpkielce.pl\/index.php\/wp-json\/wp\/v2\/users\/1"}],"replies":[{"embeddable":true,"href":"https:\/\/zeirpkielce.pl\/index.php\/wp-json\/wp\/v2\/comments?post=605"}],"version-history":[{"count":1,"href":"https:\/\/zeirpkielce.pl\/index.php\/wp-json\/wp\/v2\/posts\/605\/revisions"}],"predecessor-version":[{"id":606,"href":"https:\/\/zeirpkielce.pl\/index.php\/wp-json\/wp\/v2\/posts\/605\/revisions\/606"}],"wp:featuredmedia":[{"embeddable":true,"href":"https:\/\/zeirpkielce.pl\/index.php\/wp-json\/wp\/v2\/media\/602"}],"wp:attachment":[{"href":"https:\/\/zeirpkielce.pl\/index.php\/wp-json\/wp\/v2\/media?parent=605"}],"wp:term":[{"taxonomy":"category","embeddable":true,"href":"https:\/\/zeirpkielce.pl\/index.php\/wp-json\/wp\/v2\/categories?post=605"},{"taxonomy":"post_tag","embeddable":true,"href":"https:\/\/zeirpkielce.pl\/index.php\/wp-json\/wp\/v2\/tags?post=605"}],"curies":[{"name":"wp","href":"https:\/\/api.w.org\/{rel}","templated":true}]}}