{"id":253,"date":"2016-10-01T14:30:17","date_gmt":"2016-10-01T12:30:17","guid":{"rendered":"https:\/\/zeirpkielce.pl\/?p=253"},"modified":"2022-12-23T10:02:29","modified_gmt":"2022-12-23T09:02:29","slug":"swietokrzyscy-emeryci-na-wycieczce-objazdowej-po-bawarii","status":"publish","type":"post","link":"https:\/\/zeirpkielce.pl\/index.php\/2016\/10\/01\/swietokrzyscy-emeryci-na-wycieczce-objazdowej-po-bawarii\/","title":{"rendered":"\u015awi\u0119tokrzyscy emeryci na wycieczce objazdowej po Bawarii"},"content":{"rendered":"\n<p>W dniach 22 \u2013 25 wrze\u015bnia 2016 r. emeryci z Komendy Miejskiej&nbsp; i&nbsp;Komend Powiatowych oraz Komendy Wojew\u00f3dzkiej byli na wycieczce objazdowej&nbsp; po Bawarii jako najwi\u0119kszy i najzamo\u017cniejszym krajem zwi\u0105zkowym Republiki Federalnej Niemiec.<\/p>\n\n\n\n<p>W dniu&nbsp; 22 wrze\u015bnia o godzinie 4 wyruszyli\u015bmy z placu Komendy Wojew\u00f3dzkiej na&nbsp; tras\u0119 wycieczkow\u0105. Szlak naszej wycieczki zmierza\u0142a przez Czech do Austrii, gdzie podziwiali\u015bmy pi\u0119kne widoki. Pierwszym punktem naszej wycieczki by\u0142o zwiedzanie miasta Mozarta \u2013 Salzburgu, gdzie dotarli\u015bmy w godzinach popo\u0142udniowych. Nasz pilot Pan Piotr zaproponowa\u0142 nam zwiedzenie s\u0142ynnych ogrod\u00f3w Mirebell i pa\u0142acu arcybiskup\u00f3w, nast\u0119pnie spacerowali\u015bmy najstarsz\u0105 uliczk\u0105 miasta Getreidegasse na kt\u00f3rej znajduje si\u0119 pomnik i Dom urodzenia Mozarta, Katedra \u015aw. Ruprechta i Arcyopactwo \u015aw. Piotra. Pierwszy dzie\u0144 zako\u0144czyli\u015bmy przyjazdem do hotelu w okolicy Salzburga.<\/p>\n\n\n\n<p>Nast\u0119pnego dnia po \u015bniadaniu i wykwaterowaniu si\u0119 z hotelu udali\u015bmy si\u0119 w dalsz\u0105 podr\u00f3\u017c do stolicy Bawarii i jednocze\u015bnie do najwi\u0119kszego miasta Monachium. Mijaj\u0105c Stadion Miejski na kt\u00f3rym gra Robert Lewandowski dotarli\u015bmy do Parku Olimpijskiego, gdzie w 1972 roku odby\u0142y si\u0119 XX Letnie Igrzyska Olimpijskie. Po wje\u017adzie na s\u0142ynn\u0105 wie\u017c\u0119 olimpijsk\u0105 podziwiali\u015bmy panoram\u0119 miasta. Kolejnym punktem wycieczki by\u0142o zwiedzanie dzielnicy BMW oraz salonu wystawowego od najstarszych do najnowszych modeli BMW. W godzinach przedpo\u0142udniowych dotarli\u015bmy na B\u0142onia Teresy, gdzie uczestniczyli\u015bmy najwi\u0119kszym na \u015bwiecie \u015bwi\u0119cie ludowym OKTOBERFESCIE. Po wej\u015bciu do namiotu piwnego L\u00f6wenbr\u00e4u Festzelt w&nbsp;kt\u00f3rym znajdowa\u0142o si\u0119 ponad 6 tys. biesiadnik\u00f3w degustowali\u015bmy piwo miejscowego browaru i kuchni\u0105 bawarsk\u0105. Po trzech godzinach zabawy zwiedzili\u015bmy jarmark ludowy i weso\u0142e miasteczko.<\/p>\n\n\n\n<p>W godzinach wieczornych zm\u0119czeni udali\u015bmy si\u0119 na nocleg do hotelu w Alpach Bawarsko \u2013 Tyrolskich, by po \u015bniadaniu w godzinach rannych ruszy\u0107 w dalsz\u0105 podr\u00f3\u017c do st\u00f3p najwy\u017cszego szczytu Niemiec Garmisch-Partenkirchen. Spacer po s\u0142ynnej ulicy Ludwigstrasse rozpocz\u0119li\u015bmy zwiedzanie zimowej stolicy Niemiec oraz park zdrojowy. Nast\u0119pnie udali\u015bmy si\u0119 z wizyt\u0105 na Olimpijski Stadion Narciarski gdzie co roku odbywa si\u0119 noworoczny konkurs skok\u00f3w narciarskich. Kolejnym punktem wycieczki by\u0142 przejazd do jednego z najpi\u0119kniejszych zak\u0105tk\u00f3w Bawarii \u2013 Hohenschwagau gdzie w\u015br\u00f3d przepa\u015bci i jezior znajduje si\u0119 ba\u015bniowy zamek Neuschwanstein \u2013 najbardziej znany zamek Ludwika II. Po spacerze po mo\u015bcie Marii umiejscowionym na stumetrow\u0105 przepa\u015bci\u0105 zwiedzili\u015bmy zamek Ludwika II podziwiaj\u0105c jego niesamowite wyko\u0144czenia. Zamek ten jest symbolem zamk\u00f3w bawarskich, a zarazem inspiracj\u0105 dla Walta Disneya, kt\u00f3rego logo wzorowane by\u0142o w\u0142a\u015bnie na konturach tej budowli. W bardzo p\u00f3\u017anych godzinach wieczornych po\u017cegnali\u015bmy Bawarie i udali\u015bmy si\u0119 w drog\u0119 powrotn\u0105 do Polski. Do Komendy Wojew\u00f3dzkiej dotarli\u015bmy nast\u0119pnego dnia w godzinach przedpo\u0142udniowych.<\/p>\n\n\n\n<p>Organizatorzy dzi\u0119kuj\u0105 wszystkim za pomoc w organizowaniu tak pi\u0119knej wycieczki krajoznawczej, a uczestnikom za zdyscyplinowanie i wspania\u0142e atrakcje.<\/p>\n","protected":false},"excerpt":{"rendered":"<p>W dniach 22 \u2013 25 wrze\u015bnia 2016 r. emeryci z Komendy Miejskiej&nbsp; i&nbsp;Komend Powiatowych oraz Komendy Wojew\u00f3dzkiej byli na wycieczce objazdowej&nbsp; po Bawarii jako najwi\u0119kszy i najzamo\u017cniejszym krajem zwi\u0105zkowym Republiki Federalnej Niemiec. W dniu&nbsp; 22 wrze\u015bnia o godzinie 4 wyruszyli\u015bmy z placu Komendy Wojew\u00f3dzkiej na&nbsp; tras\u0119 wycieczkow\u0105. Szlak naszej wycieczki zmierza\u0142a przez Czech do Austrii, &hellip; <a href=\"https:\/\/zeirpkielce.pl\/index.php\/2016\/10\/01\/swietokrzyscy-emeryci-na-wycieczce-objazdowej-po-bawarii\/\" class=\"more-link\">Czytaj dalej <span class=\"screen-reader-text\">\u015awi\u0119tokrzyscy emeryci na wycieczce objazdowej po Bawarii<\/span><\/a><\/p>\n","protected":false},"author":1,"featured_media":256,"comment_status":"closed","ping_status":"open","sticky":false,"template":"","format":"standard","meta":{"footnotes":""},"categories":[8],"tags":[],"class_list":["post-253","post","type-post","status-publish","format-standard","has-post-thumbnail","hentry","category-wycieczki"],"yoast_head":"<!-- This site is optimized with the Yoast SEO plugin v21.7 - https:\/\/yoast.com\/wordpress\/plugins\/seo\/ -->\n<title>\u015awi\u0119tokrzyscy emeryci na wycieczce objazdowej po Bawarii - Zwi\u0105zek Emeryt\u00f3w i Rencist\u00f3w Po\u017carnictwa RP Oddzia\u0142 \u015awi\u0119tokrzyski<\/title>\n<meta name=\"robots\" content=\"index, follow, max-snippet:-1, max-image-preview:large, max-video-preview:-1\" \/>\n<link rel=\"canonical\" href=\"https:\/\/zeirpkielce.pl\/index.php\/2016\/10\/01\/swietokrzyscy-emeryci-na-wycieczce-objazdowej-po-bawarii\/\" \/>\n<meta property=\"og:locale\" content=\"pl_PL\" \/>\n<meta property=\"og:type\" content=\"article\" \/>\n<meta property=\"og:title\" content=\"\u015awi\u0119tokrzyscy emeryci na wycieczce objazdowej po Bawarii - Zwi\u0105zek Emeryt\u00f3w i Rencist\u00f3w Po\u017carnictwa RP Oddzia\u0142 \u015awi\u0119tokrzyski\" \/>\n<meta property=\"og:description\" content=\"W dniach 22 \u2013 25 wrze\u015bnia 2016 r. emeryci z Komendy Miejskiej&nbsp; i&nbsp;Komend Powiatowych oraz Komendy Wojew\u00f3dzkiej byli na wycieczce objazdowej&nbsp; po Bawarii jako najwi\u0119kszy i najzamo\u017cniejszym krajem zwi\u0105zkowym Republiki Federalnej Niemiec. W dniu&nbsp; 22 wrze\u015bnia o godzinie 4 wyruszyli\u015bmy z placu Komendy Wojew\u00f3dzkiej na&nbsp; tras\u0119 wycieczkow\u0105. Szlak naszej wycieczki zmierza\u0142a przez Czech do Austrii, &hellip; Czytaj dalej \u015awi\u0119tokrzyscy emeryci na wycieczce objazdowej po Bawarii\" \/>\n<meta property=\"og:url\" content=\"https:\/\/zeirpkielce.pl\/index.php\/2016\/10\/01\/swietokrzyscy-emeryci-na-wycieczce-objazdowej-po-bawarii\/\" \/>\n<meta property=\"og:site_name\" content=\"Zwi\u0105zek Emeryt\u00f3w i Rencist\u00f3w Po\u017carnictwa RP Oddzia\u0142 \u015awi\u0119tokrzyski\" \/>\n<meta property=\"article:published_time\" content=\"2016-10-01T12:30:17+00:00\" \/>\n<meta property=\"article:modified_time\" content=\"2022-12-23T09:02:29+00:00\" \/>\n<meta property=\"og:image\" content=\"https:\/\/zeirpkielce.pl\/wp-content\/uploads\/2022\/12\/2016_wycieczka_bawaria_sztandar.jpg\" \/>\n\t<meta property=\"og:image:width\" content=\"2201\" \/>\n\t<meta property=\"og:image:height\" content=\"1466\" \/>\n\t<meta property=\"og:image:type\" content=\"image\/jpeg\" \/>\n<meta name=\"author\" content=\"admin\" \/>\n<meta name=\"twitter:card\" content=\"summary_large_image\" \/>\n<meta name=\"twitter:label1\" content=\"Napisane przez\" \/>\n\t<meta name=\"twitter:data1\" content=\"admin\" \/>\n\t<meta name=\"twitter:label2\" content=\"Szacowany czas czytania\" \/>\n\t<meta name=\"twitter:data2\" content=\"2 minuty\" \/>\n<script type=\"application\/ld+json\" class=\"yoast-schema-graph\">{\"@context\":\"https:\/\/schema.org\",\"@graph\":[{\"@type\":\"Article\",\"@id\":\"https:\/\/zeirpkielce.pl\/index.php\/2016\/10\/01\/swietokrzyscy-emeryci-na-wycieczce-objazdowej-po-bawarii\/#article\",\"isPartOf\":{\"@id\":\"https:\/\/zeirpkielce.pl\/index.php\/2016\/10\/01\/swietokrzyscy-emeryci-na-wycieczce-objazdowej-po-bawarii\/\"},\"author\":{\"name\":\"admin\",\"@id\":\"https:\/\/zeirpkielce.pl\/#\/schema\/person\/517b52bd0a40d3b7e67a689a7028b618\"},\"headline\":\"\u015awi\u0119tokrzyscy emeryci na wycieczce objazdowej po Bawarii\",\"datePublished\":\"2016-10-01T12:30:17+00:00\",\"dateModified\":\"2022-12-23T09:02:29+00:00\",\"mainEntityOfPage\":{\"@id\":\"https:\/\/zeirpkielce.pl\/index.php\/2016\/10\/01\/swietokrzyscy-emeryci-na-wycieczce-objazdowej-po-bawarii\/\"},\"wordCount\":497,\"publisher\":{\"@id\":\"https:\/\/zeirpkielce.pl\/#organization\"},\"articleSection\":[\"Wycieczki\"],\"inLanguage\":\"pl-PL\"},{\"@type\":\"WebPage\",\"@id\":\"https:\/\/zeirpkielce.pl\/index.php\/2016\/10\/01\/swietokrzyscy-emeryci-na-wycieczce-objazdowej-po-bawarii\/\",\"url\":\"https:\/\/zeirpkielce.pl\/index.php\/2016\/10\/01\/swietokrzyscy-emeryci-na-wycieczce-objazdowej-po-bawarii\/\",\"name\":\"\u015awi\u0119tokrzyscy emeryci na wycieczce objazdowej po Bawarii - Zwi\u0105zek Emeryt\u00f3w i Rencist\u00f3w Po\u017carnictwa RP Oddzia\u0142 \u015awi\u0119tokrzyski\",\"isPartOf\":{\"@id\":\"https:\/\/zeirpkielce.pl\/#website\"},\"datePublished\":\"2016-10-01T12:30:17+00:00\",\"dateModified\":\"2022-12-23T09:02:29+00:00\",\"breadcrumb\":{\"@id\":\"https:\/\/zeirpkielce.pl\/index.php\/2016\/10\/01\/swietokrzyscy-emeryci-na-wycieczce-objazdowej-po-bawarii\/#breadcrumb\"},\"inLanguage\":\"pl-PL\",\"potentialAction\":[{\"@type\":\"ReadAction\",\"target\":[\"https:\/\/zeirpkielce.pl\/index.php\/2016\/10\/01\/swietokrzyscy-emeryci-na-wycieczce-objazdowej-po-bawarii\/\"]}]},{\"@type\":\"BreadcrumbList\",\"@id\":\"https:\/\/zeirpkielce.pl\/index.php\/2016\/10\/01\/swietokrzyscy-emeryci-na-wycieczce-objazdowej-po-bawarii\/#breadcrumb\",\"itemListElement\":[{\"@type\":\"ListItem\",\"position\":1,\"name\":\"Strona g\u0142\u00f3wna\",\"item\":\"https:\/\/zeirpkielce.pl\/\"},{\"@type\":\"ListItem\",\"position\":2,\"name\":\"\u015awi\u0119tokrzyscy emeryci na wycieczce objazdowej po Bawarii\"}]},{\"@type\":\"WebSite\",\"@id\":\"https:\/\/zeirpkielce.pl\/#website\",\"url\":\"https:\/\/zeirpkielce.pl\/\",\"name\":\"Zwi\u0105zek Emeryt\u00f3w i Rencist\u00f3w Po\u017carnictwa RP Oddzia\u0142 \u015awi\u0119tokrzyski\",\"description\":\"\",\"publisher\":{\"@id\":\"https:\/\/zeirpkielce.pl\/#organization\"},\"potentialAction\":[{\"@type\":\"SearchAction\",\"target\":{\"@type\":\"EntryPoint\",\"urlTemplate\":\"https:\/\/zeirpkielce.pl\/?s={search_term_string}\"},\"query-input\":\"required name=search_term_string\"}],\"inLanguage\":\"pl-PL\"},{\"@type\":\"Organization\",\"@id\":\"https:\/\/zeirpkielce.pl\/#organization\",\"name\":\"Zwi\u0105zek Emeryt\u00f3w i Rencist\u00f3w Po\u017carnictwa RP Oddzia\u0142 \u015awi\u0119tokrzyski\",\"url\":\"https:\/\/zeirpkielce.pl\/\",\"logo\":{\"@type\":\"ImageObject\",\"inLanguage\":\"pl-PL\",\"@id\":\"https:\/\/zeirpkielce.pl\/#\/schema\/logo\/image\/\",\"url\":\"https:\/\/zeirpkielce.pl\/wp-content\/uploads\/2022\/12\/cropped-zeirprplogo.png\",\"contentUrl\":\"https:\/\/zeirpkielce.pl\/wp-content\/uploads\/2022\/12\/cropped-zeirprplogo.png\",\"width\":248,\"height\":248,\"caption\":\"Zwi\u0105zek Emeryt\u00f3w i Rencist\u00f3w Po\u017carnictwa RP Oddzia\u0142 \u015awi\u0119tokrzyski\"},\"image\":{\"@id\":\"https:\/\/zeirpkielce.pl\/#\/schema\/logo\/image\/\"}},{\"@type\":\"Person\",\"@id\":\"https:\/\/zeirpkielce.pl\/#\/schema\/person\/517b52bd0a40d3b7e67a689a7028b618\",\"name\":\"admin\",\"image\":{\"@type\":\"ImageObject\",\"inLanguage\":\"pl-PL\",\"@id\":\"https:\/\/zeirpkielce.pl\/#\/schema\/person\/image\/\",\"url\":\"https:\/\/secure.gravatar.com\/avatar\/01e5bf355c02dd1777aba6eec5802cfd0f0404229aa9fd3bd63f3dabc5ca22c4?s=96&d=mm&r=g\",\"contentUrl\":\"https:\/\/secure.gravatar.com\/avatar\/01e5bf355c02dd1777aba6eec5802cfd0f0404229aa9fd3bd63f3dabc5ca22c4?s=96&d=mm&r=g\",\"caption\":\"admin\"},\"sameAs\":[\"http:\/\/zeirpkielce.pl\"],\"url\":\"https:\/\/zeirpkielce.pl\/index.php\/author\/admin\/\"}]}<\/script>\n<!-- \/ Yoast SEO plugin. -->","yoast_head_json":{"title":"\u015awi\u0119tokrzyscy emeryci na wycieczce objazdowej po Bawarii - Zwi\u0105zek Emeryt\u00f3w i Rencist\u00f3w Po\u017carnictwa RP Oddzia\u0142 \u015awi\u0119tokrzyski","robots":{"index":"index","follow":"follow","max-snippet":"max-snippet:-1","max-image-preview":"max-image-preview:large","max-video-preview":"max-video-preview:-1"},"canonical":"https:\/\/zeirpkielce.pl\/index.php\/2016\/10\/01\/swietokrzyscy-emeryci-na-wycieczce-objazdowej-po-bawarii\/","og_locale":"pl_PL","og_type":"article","og_title":"\u015awi\u0119tokrzyscy emeryci na wycieczce objazdowej po Bawarii - Zwi\u0105zek Emeryt\u00f3w i Rencist\u00f3w Po\u017carnictwa RP Oddzia\u0142 \u015awi\u0119tokrzyski","og_description":"W dniach 22 \u2013 25 wrze\u015bnia 2016 r. emeryci z Komendy Miejskiej&nbsp; i&nbsp;Komend Powiatowych oraz Komendy Wojew\u00f3dzkiej byli na wycieczce objazdowej&nbsp; po Bawarii jako najwi\u0119kszy i najzamo\u017cniejszym krajem zwi\u0105zkowym Republiki Federalnej Niemiec. W dniu&nbsp; 22 wrze\u015bnia o godzinie 4 wyruszyli\u015bmy z placu Komendy Wojew\u00f3dzkiej na&nbsp; tras\u0119 wycieczkow\u0105. Szlak naszej wycieczki zmierza\u0142a przez Czech do Austrii, &hellip; Czytaj dalej \u015awi\u0119tokrzyscy emeryci na wycieczce objazdowej po Bawarii","og_url":"https:\/\/zeirpkielce.pl\/index.php\/2016\/10\/01\/swietokrzyscy-emeryci-na-wycieczce-objazdowej-po-bawarii\/","og_site_name":"Zwi\u0105zek Emeryt\u00f3w i Rencist\u00f3w Po\u017carnictwa RP Oddzia\u0142 \u015awi\u0119tokrzyski","article_published_time":"2016-10-01T12:30:17+00:00","article_modified_time":"2022-12-23T09:02:29+00:00","og_image":[{"width":2201,"height":1466,"url":"https:\/\/zeirpkielce.pl\/wp-content\/uploads\/2022\/12\/2016_wycieczka_bawaria_sztandar.jpg","type":"image\/jpeg"}],"author":"admin","twitter_card":"summary_large_image","twitter_misc":{"Napisane przez":"admin","Szacowany czas czytania":"2 minuty"},"schema":{"@context":"https:\/\/schema.org","@graph":[{"@type":"Article","@id":"https:\/\/zeirpkielce.pl\/index.php\/2016\/10\/01\/swietokrzyscy-emeryci-na-wycieczce-objazdowej-po-bawarii\/#article","isPartOf":{"@id":"https:\/\/zeirpkielce.pl\/index.php\/2016\/10\/01\/swietokrzyscy-emeryci-na-wycieczce-objazdowej-po-bawarii\/"},"author":{"name":"admin","@id":"https:\/\/zeirpkielce.pl\/#\/schema\/person\/517b52bd0a40d3b7e67a689a7028b618"},"headline":"\u015awi\u0119tokrzyscy emeryci na wycieczce objazdowej po Bawarii","datePublished":"2016-10-01T12:30:17+00:00","dateModified":"2022-12-23T09:02:29+00:00","mainEntityOfPage":{"@id":"https:\/\/zeirpkielce.pl\/index.php\/2016\/10\/01\/swietokrzyscy-emeryci-na-wycieczce-objazdowej-po-bawarii\/"},"wordCount":497,"publisher":{"@id":"https:\/\/zeirpkielce.pl\/#organization"},"articleSection":["Wycieczki"],"inLanguage":"pl-PL"},{"@type":"WebPage","@id":"https:\/\/zeirpkielce.pl\/index.php\/2016\/10\/01\/swietokrzyscy-emeryci-na-wycieczce-objazdowej-po-bawarii\/","url":"https:\/\/zeirpkielce.pl\/index.php\/2016\/10\/01\/swietokrzyscy-emeryci-na-wycieczce-objazdowej-po-bawarii\/","name":"\u015awi\u0119tokrzyscy emeryci na wycieczce objazdowej po Bawarii - Zwi\u0105zek Emeryt\u00f3w i Rencist\u00f3w Po\u017carnictwa RP Oddzia\u0142 \u015awi\u0119tokrzyski","isPartOf":{"@id":"https:\/\/zeirpkielce.pl\/#website"},"datePublished":"2016-10-01T12:30:17+00:00","dateModified":"2022-12-23T09:02:29+00:00","breadcrumb":{"@id":"https:\/\/zeirpkielce.pl\/index.php\/2016\/10\/01\/swietokrzyscy-emeryci-na-wycieczce-objazdowej-po-bawarii\/#breadcrumb"},"inLanguage":"pl-PL","potentialAction":[{"@type":"ReadAction","target":["https:\/\/zeirpkielce.pl\/index.php\/2016\/10\/01\/swietokrzyscy-emeryci-na-wycieczce-objazdowej-po-bawarii\/"]}]},{"@type":"BreadcrumbList","@id":"https:\/\/zeirpkielce.pl\/index.php\/2016\/10\/01\/swietokrzyscy-emeryci-na-wycieczce-objazdowej-po-bawarii\/#breadcrumb","itemListElement":[{"@type":"ListItem","position":1,"name":"Strona g\u0142\u00f3wna","item":"https:\/\/zeirpkielce.pl\/"},{"@type":"ListItem","position":2,"name":"\u015awi\u0119tokrzyscy emeryci na wycieczce objazdowej po Bawarii"}]},{"@type":"WebSite","@id":"https:\/\/zeirpkielce.pl\/#website","url":"https:\/\/zeirpkielce.pl\/","name":"Zwi\u0105zek Emeryt\u00f3w i Rencist\u00f3w Po\u017carnictwa RP Oddzia\u0142 \u015awi\u0119tokrzyski","description":"","publisher":{"@id":"https:\/\/zeirpkielce.pl\/#organization"},"potentialAction":[{"@type":"SearchAction","target":{"@type":"EntryPoint","urlTemplate":"https:\/\/zeirpkielce.pl\/?s={search_term_string}"},"query-input":"required name=search_term_string"}],"inLanguage":"pl-PL"},{"@type":"Organization","@id":"https:\/\/zeirpkielce.pl\/#organization","name":"Zwi\u0105zek Emeryt\u00f3w i Rencist\u00f3w Po\u017carnictwa RP Oddzia\u0142 \u015awi\u0119tokrzyski","url":"https:\/\/zeirpkielce.pl\/","logo":{"@type":"ImageObject","inLanguage":"pl-PL","@id":"https:\/\/zeirpkielce.pl\/#\/schema\/logo\/image\/","url":"https:\/\/zeirpkielce.pl\/wp-content\/uploads\/2022\/12\/cropped-zeirprplogo.png","contentUrl":"https:\/\/zeirpkielce.pl\/wp-content\/uploads\/2022\/12\/cropped-zeirprplogo.png","width":248,"height":248,"caption":"Zwi\u0105zek Emeryt\u00f3w i Rencist\u00f3w Po\u017carnictwa RP Oddzia\u0142 \u015awi\u0119tokrzyski"},"image":{"@id":"https:\/\/zeirpkielce.pl\/#\/schema\/logo\/image\/"}},{"@type":"Person","@id":"https:\/\/zeirpkielce.pl\/#\/schema\/person\/517b52bd0a40d3b7e67a689a7028b618","name":"admin","image":{"@type":"ImageObject","inLanguage":"pl-PL","@id":"https:\/\/zeirpkielce.pl\/#\/schema\/person\/image\/","url":"https:\/\/secure.gravatar.com\/avatar\/01e5bf355c02dd1777aba6eec5802cfd0f0404229aa9fd3bd63f3dabc5ca22c4?s=96&d=mm&r=g","contentUrl":"https:\/\/secure.gravatar.com\/avatar\/01e5bf355c02dd1777aba6eec5802cfd0f0404229aa9fd3bd63f3dabc5ca22c4?s=96&d=mm&r=g","caption":"admin"},"sameAs":["http:\/\/zeirpkielce.pl"],"url":"https:\/\/zeirpkielce.pl\/index.php\/author\/admin\/"}]}},"_links":{"self":[{"href":"https:\/\/zeirpkielce.pl\/index.php\/wp-json\/wp\/v2\/posts\/253","targetHints":{"allow":["GET"]}}],"collection":[{"href":"https:\/\/zeirpkielce.pl\/index.php\/wp-json\/wp\/v2\/posts"}],"about":[{"href":"https:\/\/zeirpkielce.pl\/index.php\/wp-json\/wp\/v2\/types\/post"}],"author":[{"embeddable":true,"href":"https:\/\/zeirpkielce.pl\/index.php\/wp-json\/wp\/v2\/users\/1"}],"replies":[{"embeddable":true,"href":"https:\/\/zeirpkielce.pl\/index.php\/wp-json\/wp\/v2\/comments?post=253"}],"version-history":[{"count":2,"href":"https:\/\/zeirpkielce.pl\/index.php\/wp-json\/wp\/v2\/posts\/253\/revisions"}],"predecessor-version":[{"id":255,"href":"https:\/\/zeirpkielce.pl\/index.php\/wp-json\/wp\/v2\/posts\/253\/revisions\/255"}],"wp:featuredmedia":[{"embeddable":true,"href":"https:\/\/zeirpkielce.pl\/index.php\/wp-json\/wp\/v2\/media\/256"}],"wp:attachment":[{"href":"https:\/\/zeirpkielce.pl\/index.php\/wp-json\/wp\/v2\/media?parent=253"}],"wp:term":[{"taxonomy":"category","embeddable":true,"href":"https:\/\/zeirpkielce.pl\/index.php\/wp-json\/wp\/v2\/categories?post=253"},{"taxonomy":"post_tag","embeddable":true,"href":"https:\/\/zeirpkielce.pl\/index.php\/wp-json\/wp\/v2\/tags?post=253"}],"curies":[{"name":"wp","href":"https:\/\/api.w.org\/{rel}","templated":true}]}}