{"id":190,"date":"2020-08-11T09:31:00","date_gmt":"2020-08-11T07:31:00","guid":{"rendered":"https:\/\/zeirpkielce.pl\/?p=190"},"modified":"2022-12-23T09:59:21","modified_gmt":"2022-12-23T08:59:21","slug":"iii-plenarne-posiedzenie-zarzadu","status":"publish","type":"post","link":"https:\/\/zeirpkielce.pl\/index.php\/2020\/08\/11\/iii-plenarne-posiedzenie-zarzadu\/","title":{"rendered":"III Plenarne posiedzenie Zarz\u0105du"},"content":{"rendered":"\n<p>W dniu 28 lipca br. odby\u0142o si\u0119 posiedzenie plenarne Oddzia\u0142u Wojew\u00f3dzkiego Zwi\u0105zku Emeryt\u00f3w i Rencist\u00f3w Po\u017carnictwa RP formie wideokonferencji w Komendzie Wojew\u00f3dzkiej PSP oraz w siedzibach Komend Powiatowych PSP.<\/p>\n\n\n\n<p>Podczas III posiedzenia zarz\u0105du w tej kadencji przekazano;<\/p>\n\n\n\n<ul class=\"wp-block-list\">\n<li>informacje z posiedzenia Zarz\u0105du G\u0142\u00f3wnego ZE i RP RP z dnia 26 czerwca br.,<\/li>\n\n\n\n<li>informacje dotycz\u0105c\u0105 dzia\u0142alno\u015bci Oddzia\u0142u Wojew\u00f3dzkiego,<\/li>\n\n\n\n<li>informacje dotycz\u0105c\u0105 spraw finansowych Zarz\u0105du Wojew\u00f3dzkiego,<\/li>\n\n\n\n<li>Informacje Komisji Rewizyjnej Oddzia\u0142u Wojew\u00f3dzkiego ZEiRP,<\/li>\n\n\n\n<li>informacje z pracy Komisji Socjalnej o wykorzystaniu funduszu socjalnego&nbsp; za&nbsp;pierwsze p\u00f3\u0142rocze 2020,<\/li>\n\n\n\n<li>informacje, i\u017c z dniem 9 czerwca br. Zarz\u0105d Oddzia\u0142u Wojew\u00f3dzkiego ZEiRP RP w&nbsp;Kielcach posiada osobowo\u015b\u0107 prawn\u0105, poniewa\u017c zosta\u0142 zarejestrowany w KRS,<\/li>\n<\/ul>\n\n\n\n<p>oraz<\/p>\n\n\n\n<ul class=\"wp-block-list\">\n<li>om\u00f3wiono realizacj\u0119 zada\u0144 statutowych w poszczeg\u00f3lnych ko\u0142ach,<\/li>\n\n\n\n<li>om\u00f3wiono najwa\u017cniejsze sprawy emeryt\u00f3w w okresie pandemii,<\/li>\n\n\n\n<li>przedstawiono informacj\u0119 dotycz\u0105c\u0105 wpis\u00f3w do ksi\u0119gi honorowej Zwi\u0105zku Emeryt\u00f3w i Rencist\u00f3w oraz sk\u0142adania wniosk\u00f3w w sprawie odznacze\u0144,<\/li>\n<\/ul>\n\n\n\n<p>W spotkaniu udzia\u0142 wzi\u0119li cz\u0142onkowie Zarz\u0105du Wojew\u00f3dzkiego, Wojew\u00f3dzka Komisja Rewizyjna, Prezesi K\u00f3\u0142 oraz zaproszeni cz\u0142onkowie zarz\u0105d\u00f3w k\u00f3\u0142.<\/p>\n\n\n\n<p>Zarz\u0105d Wojew\u00f3dzki ZE i RP RP w Kielcach sk\u0142ada serdeczne podzi\u0119kowania dla \u015awi\u0119tokrzyskiego Komendanta Wojew\u00f3dzkiego oraz&nbsp; Komendantom Powiatowym PSP za pomoc w organizacji posiedzenia zarz\u0105du w formie zdalnej .<\/p>\n","protected":false},"excerpt":{"rendered":"<p>W dniu 28 lipca br. odby\u0142o si\u0119 posiedzenie plenarne Oddzia\u0142u Wojew\u00f3dzkiego Zwi\u0105zku Emeryt\u00f3w i Rencist\u00f3w Po\u017carnictwa RP formie wideokonferencji w Komendzie Wojew\u00f3dzkiej PSP oraz w siedzibach Komend Powiatowych PSP. Podczas III posiedzenia zarz\u0105du w tej kadencji przekazano; oraz W spotkaniu udzia\u0142 wzi\u0119li cz\u0142onkowie Zarz\u0105du Wojew\u00f3dzkiego, Wojew\u00f3dzka Komisja Rewizyjna, Prezesi K\u00f3\u0142 oraz zaproszeni cz\u0142onkowie zarz\u0105d\u00f3w k\u00f3\u0142. &hellip; <a href=\"https:\/\/zeirpkielce.pl\/index.php\/2020\/08\/11\/iii-plenarne-posiedzenie-zarzadu\/\" class=\"more-link\">Czytaj dalej <span class=\"screen-reader-text\">III Plenarne posiedzenie Zarz\u0105du<\/span><\/a><\/p>\n","protected":false},"author":1,"featured_media":189,"comment_status":"closed","ping_status":"open","sticky":false,"template":"","format":"standard","meta":{"footnotes":""},"categories":[9],"tags":[],"class_list":["post-190","post","type-post","status-publish","format-standard","has-post-thumbnail","hentry","category-posiedzenia"],"yoast_head":"<!-- This site is optimized with the Yoast SEO plugin v21.7 - https:\/\/yoast.com\/wordpress\/plugins\/seo\/ -->\n<title>III Plenarne posiedzenie Zarz\u0105du - Zwi\u0105zek Emeryt\u00f3w i Rencist\u00f3w Po\u017carnictwa RP Oddzia\u0142 \u015awi\u0119tokrzyski<\/title>\n<meta name=\"robots\" content=\"index, follow, max-snippet:-1, max-image-preview:large, max-video-preview:-1\" \/>\n<link rel=\"canonical\" href=\"https:\/\/zeirpkielce.pl\/index.php\/2020\/08\/11\/iii-plenarne-posiedzenie-zarzadu\/\" \/>\n<meta property=\"og:locale\" content=\"pl_PL\" \/>\n<meta property=\"og:type\" content=\"article\" \/>\n<meta property=\"og:title\" content=\"III Plenarne posiedzenie Zarz\u0105du - Zwi\u0105zek Emeryt\u00f3w i Rencist\u00f3w Po\u017carnictwa RP Oddzia\u0142 \u015awi\u0119tokrzyski\" \/>\n<meta property=\"og:description\" content=\"W dniu 28 lipca br. odby\u0142o si\u0119 posiedzenie plenarne Oddzia\u0142u Wojew\u00f3dzkiego Zwi\u0105zku Emeryt\u00f3w i Rencist\u00f3w Po\u017carnictwa RP formie wideokonferencji w Komendzie Wojew\u00f3dzkiej PSP oraz w siedzibach Komend Powiatowych PSP. Podczas III posiedzenia zarz\u0105du w tej kadencji przekazano; oraz W spotkaniu udzia\u0142 wzi\u0119li cz\u0142onkowie Zarz\u0105du Wojew\u00f3dzkiego, Wojew\u00f3dzka Komisja Rewizyjna, Prezesi K\u00f3\u0142 oraz zaproszeni cz\u0142onkowie zarz\u0105d\u00f3w k\u00f3\u0142. &hellip; Czytaj dalej III Plenarne posiedzenie Zarz\u0105du\" \/>\n<meta property=\"og:url\" content=\"https:\/\/zeirpkielce.pl\/index.php\/2020\/08\/11\/iii-plenarne-posiedzenie-zarzadu\/\" \/>\n<meta property=\"og:site_name\" content=\"Zwi\u0105zek Emeryt\u00f3w i Rencist\u00f3w Po\u017carnictwa RP Oddzia\u0142 \u015awi\u0119tokrzyski\" \/>\n<meta property=\"article:published_time\" content=\"2020-08-11T07:31:00+00:00\" \/>\n<meta property=\"article:modified_time\" content=\"2022-12-23T08:59:21+00:00\" \/>\n<meta property=\"og:image\" content=\"https:\/\/zeirpkielce.pl\/wp-content\/uploads\/2022\/12\/3_posiedzenie_Zarzadu.png\" \/>\n\t<meta property=\"og:image:width\" content=\"669\" \/>\n\t<meta property=\"og:image:height\" content=\"498\" \/>\n\t<meta property=\"og:image:type\" content=\"image\/png\" \/>\n<meta name=\"author\" content=\"admin\" \/>\n<meta name=\"twitter:card\" content=\"summary_large_image\" \/>\n<meta name=\"twitter:label1\" content=\"Napisane przez\" \/>\n\t<meta name=\"twitter:data1\" content=\"admin\" \/>\n\t<meta name=\"twitter:label2\" content=\"Szacowany czas czytania\" \/>\n\t<meta name=\"twitter:data2\" content=\"1 minuta\" \/>\n<script type=\"application\/ld+json\" class=\"yoast-schema-graph\">{\"@context\":\"https:\/\/schema.org\",\"@graph\":[{\"@type\":\"Article\",\"@id\":\"https:\/\/zeirpkielce.pl\/index.php\/2020\/08\/11\/iii-plenarne-posiedzenie-zarzadu\/#article\",\"isPartOf\":{\"@id\":\"https:\/\/zeirpkielce.pl\/index.php\/2020\/08\/11\/iii-plenarne-posiedzenie-zarzadu\/\"},\"author\":{\"name\":\"admin\",\"@id\":\"https:\/\/zeirpkielce.pl\/#\/schema\/person\/517b52bd0a40d3b7e67a689a7028b618\"},\"headline\":\"III Plenarne posiedzenie Zarz\u0105du\",\"datePublished\":\"2020-08-11T07:31:00+00:00\",\"dateModified\":\"2022-12-23T08:59:21+00:00\",\"mainEntityOfPage\":{\"@id\":\"https:\/\/zeirpkielce.pl\/index.php\/2020\/08\/11\/iii-plenarne-posiedzenie-zarzadu\/\"},\"wordCount\":239,\"publisher\":{\"@id\":\"https:\/\/zeirpkielce.pl\/#organization\"},\"articleSection\":[\"Posiedzenia\"],\"inLanguage\":\"pl-PL\"},{\"@type\":\"WebPage\",\"@id\":\"https:\/\/zeirpkielce.pl\/index.php\/2020\/08\/11\/iii-plenarne-posiedzenie-zarzadu\/\",\"url\":\"https:\/\/zeirpkielce.pl\/index.php\/2020\/08\/11\/iii-plenarne-posiedzenie-zarzadu\/\",\"name\":\"III Plenarne posiedzenie Zarz\u0105du - Zwi\u0105zek Emeryt\u00f3w i Rencist\u00f3w Po\u017carnictwa RP Oddzia\u0142 \u015awi\u0119tokrzyski\",\"isPartOf\":{\"@id\":\"https:\/\/zeirpkielce.pl\/#website\"},\"datePublished\":\"2020-08-11T07:31:00+00:00\",\"dateModified\":\"2022-12-23T08:59:21+00:00\",\"breadcrumb\":{\"@id\":\"https:\/\/zeirpkielce.pl\/index.php\/2020\/08\/11\/iii-plenarne-posiedzenie-zarzadu\/#breadcrumb\"},\"inLanguage\":\"pl-PL\",\"potentialAction\":[{\"@type\":\"ReadAction\",\"target\":[\"https:\/\/zeirpkielce.pl\/index.php\/2020\/08\/11\/iii-plenarne-posiedzenie-zarzadu\/\"]}]},{\"@type\":\"BreadcrumbList\",\"@id\":\"https:\/\/zeirpkielce.pl\/index.php\/2020\/08\/11\/iii-plenarne-posiedzenie-zarzadu\/#breadcrumb\",\"itemListElement\":[{\"@type\":\"ListItem\",\"position\":1,\"name\":\"Strona g\u0142\u00f3wna\",\"item\":\"https:\/\/zeirpkielce.pl\/\"},{\"@type\":\"ListItem\",\"position\":2,\"name\":\"III Plenarne posiedzenie Zarz\u0105du\"}]},{\"@type\":\"WebSite\",\"@id\":\"https:\/\/zeirpkielce.pl\/#website\",\"url\":\"https:\/\/zeirpkielce.pl\/\",\"name\":\"Zwi\u0105zek Emeryt\u00f3w i Rencist\u00f3w Po\u017carnictwa RP Oddzia\u0142 \u015awi\u0119tokrzyski\",\"description\":\"\",\"publisher\":{\"@id\":\"https:\/\/zeirpkielce.pl\/#organization\"},\"potentialAction\":[{\"@type\":\"SearchAction\",\"target\":{\"@type\":\"EntryPoint\",\"urlTemplate\":\"https:\/\/zeirpkielce.pl\/?s={search_term_string}\"},\"query-input\":\"required name=search_term_string\"}],\"inLanguage\":\"pl-PL\"},{\"@type\":\"Organization\",\"@id\":\"https:\/\/zeirpkielce.pl\/#organization\",\"name\":\"Zwi\u0105zek Emeryt\u00f3w i Rencist\u00f3w Po\u017carnictwa RP Oddzia\u0142 \u015awi\u0119tokrzyski\",\"url\":\"https:\/\/zeirpkielce.pl\/\",\"logo\":{\"@type\":\"ImageObject\",\"inLanguage\":\"pl-PL\",\"@id\":\"https:\/\/zeirpkielce.pl\/#\/schema\/logo\/image\/\",\"url\":\"https:\/\/zeirpkielce.pl\/wp-content\/uploads\/2022\/12\/cropped-zeirprplogo.png\",\"contentUrl\":\"https:\/\/zeirpkielce.pl\/wp-content\/uploads\/2022\/12\/cropped-zeirprplogo.png\",\"width\":248,\"height\":248,\"caption\":\"Zwi\u0105zek Emeryt\u00f3w i Rencist\u00f3w Po\u017carnictwa RP Oddzia\u0142 \u015awi\u0119tokrzyski\"},\"image\":{\"@id\":\"https:\/\/zeirpkielce.pl\/#\/schema\/logo\/image\/\"}},{\"@type\":\"Person\",\"@id\":\"https:\/\/zeirpkielce.pl\/#\/schema\/person\/517b52bd0a40d3b7e67a689a7028b618\",\"name\":\"admin\",\"image\":{\"@type\":\"ImageObject\",\"inLanguage\":\"pl-PL\",\"@id\":\"https:\/\/zeirpkielce.pl\/#\/schema\/person\/image\/\",\"url\":\"https:\/\/secure.gravatar.com\/avatar\/01e5bf355c02dd1777aba6eec5802cfd0f0404229aa9fd3bd63f3dabc5ca22c4?s=96&d=mm&r=g\",\"contentUrl\":\"https:\/\/secure.gravatar.com\/avatar\/01e5bf355c02dd1777aba6eec5802cfd0f0404229aa9fd3bd63f3dabc5ca22c4?s=96&d=mm&r=g\",\"caption\":\"admin\"},\"sameAs\":[\"http:\/\/zeirpkielce.pl\"],\"url\":\"https:\/\/zeirpkielce.pl\/index.php\/author\/admin\/\"}]}<\/script>\n<!-- \/ Yoast SEO plugin. -->","yoast_head_json":{"title":"III Plenarne posiedzenie Zarz\u0105du - Zwi\u0105zek Emeryt\u00f3w i Rencist\u00f3w Po\u017carnictwa RP Oddzia\u0142 \u015awi\u0119tokrzyski","robots":{"index":"index","follow":"follow","max-snippet":"max-snippet:-1","max-image-preview":"max-image-preview:large","max-video-preview":"max-video-preview:-1"},"canonical":"https:\/\/zeirpkielce.pl\/index.php\/2020\/08\/11\/iii-plenarne-posiedzenie-zarzadu\/","og_locale":"pl_PL","og_type":"article","og_title":"III Plenarne posiedzenie Zarz\u0105du - Zwi\u0105zek Emeryt\u00f3w i Rencist\u00f3w Po\u017carnictwa RP Oddzia\u0142 \u015awi\u0119tokrzyski","og_description":"W dniu 28 lipca br. odby\u0142o si\u0119 posiedzenie plenarne Oddzia\u0142u Wojew\u00f3dzkiego Zwi\u0105zku Emeryt\u00f3w i Rencist\u00f3w Po\u017carnictwa RP formie wideokonferencji w Komendzie Wojew\u00f3dzkiej PSP oraz w siedzibach Komend Powiatowych PSP. Podczas III posiedzenia zarz\u0105du w tej kadencji przekazano; oraz W spotkaniu udzia\u0142 wzi\u0119li cz\u0142onkowie Zarz\u0105du Wojew\u00f3dzkiego, Wojew\u00f3dzka Komisja Rewizyjna, Prezesi K\u00f3\u0142 oraz zaproszeni cz\u0142onkowie zarz\u0105d\u00f3w k\u00f3\u0142. &hellip; Czytaj dalej III Plenarne posiedzenie Zarz\u0105du","og_url":"https:\/\/zeirpkielce.pl\/index.php\/2020\/08\/11\/iii-plenarne-posiedzenie-zarzadu\/","og_site_name":"Zwi\u0105zek Emeryt\u00f3w i Rencist\u00f3w Po\u017carnictwa RP Oddzia\u0142 \u015awi\u0119tokrzyski","article_published_time":"2020-08-11T07:31:00+00:00","article_modified_time":"2022-12-23T08:59:21+00:00","og_image":[{"width":669,"height":498,"url":"https:\/\/zeirpkielce.pl\/wp-content\/uploads\/2022\/12\/3_posiedzenie_Zarzadu.png","type":"image\/png"}],"author":"admin","twitter_card":"summary_large_image","twitter_misc":{"Napisane przez":"admin","Szacowany czas czytania":"1 minuta"},"schema":{"@context":"https:\/\/schema.org","@graph":[{"@type":"Article","@id":"https:\/\/zeirpkielce.pl\/index.php\/2020\/08\/11\/iii-plenarne-posiedzenie-zarzadu\/#article","isPartOf":{"@id":"https:\/\/zeirpkielce.pl\/index.php\/2020\/08\/11\/iii-plenarne-posiedzenie-zarzadu\/"},"author":{"name":"admin","@id":"https:\/\/zeirpkielce.pl\/#\/schema\/person\/517b52bd0a40d3b7e67a689a7028b618"},"headline":"III Plenarne posiedzenie Zarz\u0105du","datePublished":"2020-08-11T07:31:00+00:00","dateModified":"2022-12-23T08:59:21+00:00","mainEntityOfPage":{"@id":"https:\/\/zeirpkielce.pl\/index.php\/2020\/08\/11\/iii-plenarne-posiedzenie-zarzadu\/"},"wordCount":239,"publisher":{"@id":"https:\/\/zeirpkielce.pl\/#organization"},"articleSection":["Posiedzenia"],"inLanguage":"pl-PL"},{"@type":"WebPage","@id":"https:\/\/zeirpkielce.pl\/index.php\/2020\/08\/11\/iii-plenarne-posiedzenie-zarzadu\/","url":"https:\/\/zeirpkielce.pl\/index.php\/2020\/08\/11\/iii-plenarne-posiedzenie-zarzadu\/","name":"III Plenarne posiedzenie Zarz\u0105du - Zwi\u0105zek Emeryt\u00f3w i Rencist\u00f3w Po\u017carnictwa RP Oddzia\u0142 \u015awi\u0119tokrzyski","isPartOf":{"@id":"https:\/\/zeirpkielce.pl\/#website"},"datePublished":"2020-08-11T07:31:00+00:00","dateModified":"2022-12-23T08:59:21+00:00","breadcrumb":{"@id":"https:\/\/zeirpkielce.pl\/index.php\/2020\/08\/11\/iii-plenarne-posiedzenie-zarzadu\/#breadcrumb"},"inLanguage":"pl-PL","potentialAction":[{"@type":"ReadAction","target":["https:\/\/zeirpkielce.pl\/index.php\/2020\/08\/11\/iii-plenarne-posiedzenie-zarzadu\/"]}]},{"@type":"BreadcrumbList","@id":"https:\/\/zeirpkielce.pl\/index.php\/2020\/08\/11\/iii-plenarne-posiedzenie-zarzadu\/#breadcrumb","itemListElement":[{"@type":"ListItem","position":1,"name":"Strona g\u0142\u00f3wna","item":"https:\/\/zeirpkielce.pl\/"},{"@type":"ListItem","position":2,"name":"III Plenarne posiedzenie Zarz\u0105du"}]},{"@type":"WebSite","@id":"https:\/\/zeirpkielce.pl\/#website","url":"https:\/\/zeirpkielce.pl\/","name":"Zwi\u0105zek Emeryt\u00f3w i Rencist\u00f3w Po\u017carnictwa RP Oddzia\u0142 \u015awi\u0119tokrzyski","description":"","publisher":{"@id":"https:\/\/zeirpkielce.pl\/#organization"},"potentialAction":[{"@type":"SearchAction","target":{"@type":"EntryPoint","urlTemplate":"https:\/\/zeirpkielce.pl\/?s={search_term_string}"},"query-input":"required name=search_term_string"}],"inLanguage":"pl-PL"},{"@type":"Organization","@id":"https:\/\/zeirpkielce.pl\/#organization","name":"Zwi\u0105zek Emeryt\u00f3w i Rencist\u00f3w Po\u017carnictwa RP Oddzia\u0142 \u015awi\u0119tokrzyski","url":"https:\/\/zeirpkielce.pl\/","logo":{"@type":"ImageObject","inLanguage":"pl-PL","@id":"https:\/\/zeirpkielce.pl\/#\/schema\/logo\/image\/","url":"https:\/\/zeirpkielce.pl\/wp-content\/uploads\/2022\/12\/cropped-zeirprplogo.png","contentUrl":"https:\/\/zeirpkielce.pl\/wp-content\/uploads\/2022\/12\/cropped-zeirprplogo.png","width":248,"height":248,"caption":"Zwi\u0105zek Emeryt\u00f3w i Rencist\u00f3w Po\u017carnictwa RP Oddzia\u0142 \u015awi\u0119tokrzyski"},"image":{"@id":"https:\/\/zeirpkielce.pl\/#\/schema\/logo\/image\/"}},{"@type":"Person","@id":"https:\/\/zeirpkielce.pl\/#\/schema\/person\/517b52bd0a40d3b7e67a689a7028b618","name":"admin","image":{"@type":"ImageObject","inLanguage":"pl-PL","@id":"https:\/\/zeirpkielce.pl\/#\/schema\/person\/image\/","url":"https:\/\/secure.gravatar.com\/avatar\/01e5bf355c02dd1777aba6eec5802cfd0f0404229aa9fd3bd63f3dabc5ca22c4?s=96&d=mm&r=g","contentUrl":"https:\/\/secure.gravatar.com\/avatar\/01e5bf355c02dd1777aba6eec5802cfd0f0404229aa9fd3bd63f3dabc5ca22c4?s=96&d=mm&r=g","caption":"admin"},"sameAs":["http:\/\/zeirpkielce.pl"],"url":"https:\/\/zeirpkielce.pl\/index.php\/author\/admin\/"}]}},"_links":{"self":[{"href":"https:\/\/zeirpkielce.pl\/index.php\/wp-json\/wp\/v2\/posts\/190","targetHints":{"allow":["GET"]}}],"collection":[{"href":"https:\/\/zeirpkielce.pl\/index.php\/wp-json\/wp\/v2\/posts"}],"about":[{"href":"https:\/\/zeirpkielce.pl\/index.php\/wp-json\/wp\/v2\/types\/post"}],"author":[{"embeddable":true,"href":"https:\/\/zeirpkielce.pl\/index.php\/wp-json\/wp\/v2\/users\/1"}],"replies":[{"embeddable":true,"href":"https:\/\/zeirpkielce.pl\/index.php\/wp-json\/wp\/v2\/comments?post=190"}],"version-history":[{"count":1,"href":"https:\/\/zeirpkielce.pl\/index.php\/wp-json\/wp\/v2\/posts\/190\/revisions"}],"predecessor-version":[{"id":191,"href":"https:\/\/zeirpkielce.pl\/index.php\/wp-json\/wp\/v2\/posts\/190\/revisions\/191"}],"wp:featuredmedia":[{"embeddable":true,"href":"https:\/\/zeirpkielce.pl\/index.php\/wp-json\/wp\/v2\/media\/189"}],"wp:attachment":[{"href":"https:\/\/zeirpkielce.pl\/index.php\/wp-json\/wp\/v2\/media?parent=190"}],"wp:term":[{"taxonomy":"category","embeddable":true,"href":"https:\/\/zeirpkielce.pl\/index.php\/wp-json\/wp\/v2\/categories?post=190"},{"taxonomy":"post_tag","embeddable":true,"href":"https:\/\/zeirpkielce.pl\/index.php\/wp-json\/wp\/v2\/tags?post=190"}],"curies":[{"name":"wp","href":"https:\/\/api.w.org\/{rel}","templated":true}]}}