{"id":167,"date":"2021-07-10T09:12:10","date_gmt":"2021-07-10T07:12:10","guid":{"rendered":"https:\/\/zeirpkielce.pl\/?p=167"},"modified":"2022-12-23T09:58:55","modified_gmt":"2022-12-23T08:58:55","slug":"v-plenarne-posiedzenie-zarzadu","status":"publish","type":"post","link":"https:\/\/zeirpkielce.pl\/index.php\/2021\/07\/10\/v-plenarne-posiedzenie-zarzadu\/","title":{"rendered":"V Plenarne posiedzenie Zarz\u0105du"},"content":{"rendered":"\n<p>W dniu 29 czerwca br. w Restauracji Chelosiowy Dw\u00f3r w miejscowo\u015bci Jaworznia odby\u0142o si\u0119 V Plenarne posiedzenie Oddzia\u0142u Wojew\u00f3dzkiego ZE i RP RP w kt\u00f3rym udzia\u0142 wzi\u0119li Prezesi oraz skarbnicy zarz\u0105d\u00f3w k\u00f3\u0142 w\u00a0wojew\u00f3dztwie, Zarz\u0105d Oddzia\u0142u Wojew\u00f3dzkiego oraz Wojew\u00f3dzka Komisja Rewizyjna.<\/p>\n\n\n\n<p>W plenarnym posiedzeniu wzi\u0119li udzia\u0142 zaproszeni go\u015bcie w osobach:<\/p>\n\n\n\n<ul class=\"wp-block-list\">\n<li>st. bryg. Krzysztof Ciosek &#8211;&nbsp; \u015awi\u0119tokrzyski Komendant Wojew\u00f3dzki PSP,<\/li>\n\n\n\n<li>bryg. Mariusz G\u00f3ra \u2013 Zast\u0119pca Komendanta Miejskiego PSP w&nbsp;Kielcach,<\/li>\n\n\n\n<li>kol. Wies\u0142aw Woszczyna &#8211; V-ce Przewodnicz\u0105cy Zarz\u0105du G\u0142\u00f3wnego Zwi\u0105zku Emeryt\u00f3w i Rencist\u00f3w Po\u017carnictwa RP,<\/li>\n\n\n\n<li>kol. p\u0142k. po\u017c. Jan Nowak\u2013 Prezes Honorowy ZW ZEiRP w Kielcach.<\/li>\n<\/ul>\n\n\n\n<p>Po zapoznaniu uczestnik\u00f3w posiedzenia z programem narady uczestnicy uczcili minut\u0105 ciszy pami\u0119\u0107 zmar\u0142ych w ostatnim czasie emeryt\u00f3w.<\/p>\n\n\n\n<p>Wa\u017cnym elementem posiedzenia by\u0142o wr\u0119czenie wyr\u00f3\u017cniaj\u0105cym si\u0119 emerytom oraz pracownikom KWPSP wsp\u00f3\u0142pracuj\u0105cych z naszym Oddzia\u0142em odznacze\u0144 zwi\u0105zkowych \u201eZas\u0142u\u017cony dla Zwi\u0105zku Emeryt\u00f3w i Rencist\u00f3w Po\u017carnictwa RP. Wr\u0119czenia odznacze\u0144 dokonali V-ce Prezes Zarz\u0105du G\u0142\u00f3wnego ZEiRP RP kol. Wies\u0142aw Woszczyna,&nbsp; Prezes Honorowy Zarz\u0105du Wojew\u00f3dzkiego kol. Jan Nowak i Prezes Oddzia\u0142u Wojew\u00f3dzkiego ZEiRPRP kol. Jerzy Kurek.<\/p>\n\n\n\n<p>W dalszej cz\u0119\u015bci om\u00f3wiono:<\/p>\n\n\n\n<ul class=\"wp-block-list\">\n<li>informacj\u0119 z posiedzenia prezydium Zarz\u0105du G\u0142\u00f3wnego ZE i RP RP za&nbsp;ostatni okres,<\/li>\n\n\n\n<li>informacj\u0119 realizacji planu pracy Oddzia\u0142u Wojew\u00f3dzkiego,<\/li>\n\n\n\n<li>przedstawiono sprawy finansowe Oddzia\u0142u Wojew\u00f3dzkiego,<\/li>\n\n\n\n<li>przeprowadzono szkolenie skarbnik\u00f3w w zakresie finans\u00f3w w ko\u0142ach,<\/li>\n\n\n\n<li>informacj\u0119 z prac Komisji Socjalnej o wykorzystaniu funduszu socjalnego w roku 2020,<\/li>\n\n\n\n<li>informacj\u0119 z realizacji plan\u00f3w pracy w poszczeg\u00f3lnych ko\u0142ach.<\/li>\n<\/ul>\n\n\n\n<p>podj\u0119to uchwa\u0142\u0119 o aktualizacji sk\u0142adu osobowego Kapitu\u0142y Honorowej Ksi\u0119gi Zas\u0142u\u017conych dla Zwi\u0105zku Emeryt\u00f3w i Rencist\u00f3w Po\u017carnictwa RP.<\/p>\n\n\n\n<figure class=\"wp-block-image size-large\"><img loading=\"lazy\" decoding=\"async\" width=\"1024\" height=\"473\" src=\"https:\/\/zeirpkielce.pl\/wp-content\/uploads\/2022\/12\/5_posiedzenie_2-1024x473.jpg\" alt=\"\" class=\"wp-image-173\" srcset=\"https:\/\/zeirpkielce.pl\/wp-content\/uploads\/2022\/12\/5_posiedzenie_2-1024x473.jpg 1024w, https:\/\/zeirpkielce.pl\/wp-content\/uploads\/2022\/12\/5_posiedzenie_2-300x139.jpg 300w, https:\/\/zeirpkielce.pl\/wp-content\/uploads\/2022\/12\/5_posiedzenie_2-768x355.jpg 768w, https:\/\/zeirpkielce.pl\/wp-content\/uploads\/2022\/12\/5_posiedzenie_2-1536x709.jpg 1536w, https:\/\/zeirpkielce.pl\/wp-content\/uploads\/2022\/12\/5_posiedzenie_2.jpg 1728w\" sizes=\"auto, (max-width: 1024px) 100vw, 1024px\" \/><\/figure>\n\n\n\n<p><\/p>\n\n\n\n<figure class=\"wp-block-image size-large\"><img loading=\"lazy\" decoding=\"async\" width=\"1024\" height=\"473\" src=\"https:\/\/zeirpkielce.pl\/wp-content\/uploads\/2022\/12\/5_posiedzenie_3-1024x473.jpeg\" alt=\"\" class=\"wp-image-172\" srcset=\"https:\/\/zeirpkielce.pl\/wp-content\/uploads\/2022\/12\/5_posiedzenie_3-1024x473.jpeg 1024w, https:\/\/zeirpkielce.pl\/wp-content\/uploads\/2022\/12\/5_posiedzenie_3-300x139.jpeg 300w, https:\/\/zeirpkielce.pl\/wp-content\/uploads\/2022\/12\/5_posiedzenie_3-768x355.jpeg 768w, https:\/\/zeirpkielce.pl\/wp-content\/uploads\/2022\/12\/5_posiedzenie_3-1536x709.jpeg 1536w, https:\/\/zeirpkielce.pl\/wp-content\/uploads\/2022\/12\/5_posiedzenie_3.jpeg 1728w\" sizes=\"auto, (max-width: 1024px) 100vw, 1024px\" \/><\/figure>\n\n\n\n<p><\/p>\n\n\n\n<figure class=\"wp-block-image size-large\"><img loading=\"lazy\" decoding=\"async\" width=\"1024\" height=\"473\" src=\"https:\/\/zeirpkielce.pl\/wp-content\/uploads\/2022\/12\/5_posiedzenie_4-1024x473.jpeg\" alt=\"\" class=\"wp-image-170\" srcset=\"https:\/\/zeirpkielce.pl\/wp-content\/uploads\/2022\/12\/5_posiedzenie_4-1024x473.jpeg 1024w, https:\/\/zeirpkielce.pl\/wp-content\/uploads\/2022\/12\/5_posiedzenie_4-300x139.jpeg 300w, https:\/\/zeirpkielce.pl\/wp-content\/uploads\/2022\/12\/5_posiedzenie_4-768x355.jpeg 768w, https:\/\/zeirpkielce.pl\/wp-content\/uploads\/2022\/12\/5_posiedzenie_4-1536x709.jpeg 1536w, https:\/\/zeirpkielce.pl\/wp-content\/uploads\/2022\/12\/5_posiedzenie_4.jpeg 1728w\" sizes=\"auto, (max-width: 1024px) 100vw, 1024px\" \/><\/figure>\n\n\n\n<p><\/p>\n\n\n\n<figure class=\"wp-block-image size-large\"><img loading=\"lazy\" decoding=\"async\" width=\"1024\" height=\"473\" src=\"https:\/\/zeirpkielce.pl\/wp-content\/uploads\/2022\/12\/5_posiedzenie_6-1024x473.jpg\" alt=\"\" class=\"wp-image-169\" srcset=\"https:\/\/zeirpkielce.pl\/wp-content\/uploads\/2022\/12\/5_posiedzenie_6-1024x473.jpg 1024w, https:\/\/zeirpkielce.pl\/wp-content\/uploads\/2022\/12\/5_posiedzenie_6-300x139.jpg 300w, https:\/\/zeirpkielce.pl\/wp-content\/uploads\/2022\/12\/5_posiedzenie_6-768x355.jpg 768w, https:\/\/zeirpkielce.pl\/wp-content\/uploads\/2022\/12\/5_posiedzenie_6-1536x709.jpg 1536w, https:\/\/zeirpkielce.pl\/wp-content\/uploads\/2022\/12\/5_posiedzenie_6.jpg 1728w\" sizes=\"auto, (max-width: 1024px) 100vw, 1024px\" \/><\/figure>\n","protected":false},"excerpt":{"rendered":"<p>W dniu 29 czerwca br. w Restauracji Chelosiowy Dw\u00f3r w miejscowo\u015bci Jaworznia odby\u0142o si\u0119 V Plenarne posiedzenie Oddzia\u0142u Wojew\u00f3dzkiego ZE i RP RP w kt\u00f3rym udzia\u0142 wzi\u0119li Prezesi oraz skarbnicy zarz\u0105d\u00f3w k\u00f3\u0142 w\u00a0wojew\u00f3dztwie, Zarz\u0105d Oddzia\u0142u Wojew\u00f3dzkiego oraz Wojew\u00f3dzka Komisja Rewizyjna. W plenarnym posiedzeniu wzi\u0119li udzia\u0142 zaproszeni go\u015bcie w osobach: Po zapoznaniu uczestnik\u00f3w posiedzenia z programem &hellip; <a href=\"https:\/\/zeirpkielce.pl\/index.php\/2021\/07\/10\/v-plenarne-posiedzenie-zarzadu\/\" class=\"more-link\">Czytaj dalej <span class=\"screen-reader-text\">V Plenarne posiedzenie Zarz\u0105du<\/span><\/a><\/p>\n","protected":false},"author":1,"featured_media":171,"comment_status":"closed","ping_status":"open","sticky":false,"template":"","format":"standard","meta":{"footnotes":""},"categories":[9],"tags":[],"class_list":["post-167","post","type-post","status-publish","format-standard","has-post-thumbnail","hentry","category-posiedzenia"],"yoast_head":"<!-- This site is optimized with the Yoast SEO plugin v21.7 - https:\/\/yoast.com\/wordpress\/plugins\/seo\/ -->\n<title>V Plenarne posiedzenie Zarz\u0105du - Zwi\u0105zek Emeryt\u00f3w i Rencist\u00f3w Po\u017carnictwa RP Oddzia\u0142 \u015awi\u0119tokrzyski<\/title>\n<meta name=\"robots\" content=\"index, follow, max-snippet:-1, max-image-preview:large, max-video-preview:-1\" \/>\n<link rel=\"canonical\" href=\"https:\/\/zeirpkielce.pl\/index.php\/2021\/07\/10\/v-plenarne-posiedzenie-zarzadu\/\" \/>\n<meta property=\"og:locale\" content=\"pl_PL\" \/>\n<meta property=\"og:type\" content=\"article\" \/>\n<meta property=\"og:title\" content=\"V Plenarne posiedzenie Zarz\u0105du - Zwi\u0105zek Emeryt\u00f3w i Rencist\u00f3w Po\u017carnictwa RP Oddzia\u0142 \u015awi\u0119tokrzyski\" \/>\n<meta property=\"og:description\" content=\"W dniu 29 czerwca br. w Restauracji Chelosiowy Dw\u00f3r w miejscowo\u015bci Jaworznia odby\u0142o si\u0119 V Plenarne posiedzenie Oddzia\u0142u Wojew\u00f3dzkiego ZE i RP RP w kt\u00f3rym udzia\u0142 wzi\u0119li Prezesi oraz skarbnicy zarz\u0105d\u00f3w k\u00f3\u0142 w\u00a0wojew\u00f3dztwie, Zarz\u0105d Oddzia\u0142u Wojew\u00f3dzkiego oraz Wojew\u00f3dzka Komisja Rewizyjna. W plenarnym posiedzeniu wzi\u0119li udzia\u0142 zaproszeni go\u015bcie w osobach: Po zapoznaniu uczestnik\u00f3w posiedzenia z programem &hellip; Czytaj dalej V Plenarne posiedzenie Zarz\u0105du\" \/>\n<meta property=\"og:url\" content=\"https:\/\/zeirpkielce.pl\/index.php\/2021\/07\/10\/v-plenarne-posiedzenie-zarzadu\/\" \/>\n<meta property=\"og:site_name\" content=\"Zwi\u0105zek Emeryt\u00f3w i Rencist\u00f3w Po\u017carnictwa RP Oddzia\u0142 \u015awi\u0119tokrzyski\" \/>\n<meta property=\"article:published_time\" content=\"2021-07-10T07:12:10+00:00\" \/>\n<meta property=\"article:modified_time\" content=\"2022-12-23T08:58:55+00:00\" \/>\n<meta property=\"og:image\" content=\"https:\/\/zeirpkielce.pl\/wp-content\/uploads\/2022\/12\/5_posiedzenie_1.jpeg\" \/>\n\t<meta property=\"og:image:width\" content=\"1728\" \/>\n\t<meta property=\"og:image:height\" content=\"798\" \/>\n\t<meta property=\"og:image:type\" content=\"image\/jpeg\" \/>\n<meta name=\"author\" content=\"admin\" \/>\n<meta name=\"twitter:card\" content=\"summary_large_image\" \/>\n<meta name=\"twitter:label1\" content=\"Napisane przez\" \/>\n\t<meta name=\"twitter:data1\" content=\"admin\" \/>\n\t<meta name=\"twitter:label2\" content=\"Szacowany czas czytania\" \/>\n\t<meta name=\"twitter:data2\" content=\"2 minuty\" \/>\n<script type=\"application\/ld+json\" class=\"yoast-schema-graph\">{\"@context\":\"https:\/\/schema.org\",\"@graph\":[{\"@type\":\"Article\",\"@id\":\"https:\/\/zeirpkielce.pl\/index.php\/2021\/07\/10\/v-plenarne-posiedzenie-zarzadu\/#article\",\"isPartOf\":{\"@id\":\"https:\/\/zeirpkielce.pl\/index.php\/2021\/07\/10\/v-plenarne-posiedzenie-zarzadu\/\"},\"author\":{\"name\":\"admin\",\"@id\":\"https:\/\/zeirpkielce.pl\/#\/schema\/person\/517b52bd0a40d3b7e67a689a7028b618\"},\"headline\":\"V Plenarne posiedzenie Zarz\u0105du\",\"datePublished\":\"2021-07-10T07:12:10+00:00\",\"dateModified\":\"2022-12-23T08:58:55+00:00\",\"mainEntityOfPage\":{\"@id\":\"https:\/\/zeirpkielce.pl\/index.php\/2021\/07\/10\/v-plenarne-posiedzenie-zarzadu\/\"},\"wordCount\":321,\"publisher\":{\"@id\":\"https:\/\/zeirpkielce.pl\/#organization\"},\"articleSection\":[\"Posiedzenia\"],\"inLanguage\":\"pl-PL\"},{\"@type\":\"WebPage\",\"@id\":\"https:\/\/zeirpkielce.pl\/index.php\/2021\/07\/10\/v-plenarne-posiedzenie-zarzadu\/\",\"url\":\"https:\/\/zeirpkielce.pl\/index.php\/2021\/07\/10\/v-plenarne-posiedzenie-zarzadu\/\",\"name\":\"V Plenarne posiedzenie Zarz\u0105du - Zwi\u0105zek Emeryt\u00f3w i Rencist\u00f3w Po\u017carnictwa RP Oddzia\u0142 \u015awi\u0119tokrzyski\",\"isPartOf\":{\"@id\":\"https:\/\/zeirpkielce.pl\/#website\"},\"datePublished\":\"2021-07-10T07:12:10+00:00\",\"dateModified\":\"2022-12-23T08:58:55+00:00\",\"breadcrumb\":{\"@id\":\"https:\/\/zeirpkielce.pl\/index.php\/2021\/07\/10\/v-plenarne-posiedzenie-zarzadu\/#breadcrumb\"},\"inLanguage\":\"pl-PL\",\"potentialAction\":[{\"@type\":\"ReadAction\",\"target\":[\"https:\/\/zeirpkielce.pl\/index.php\/2021\/07\/10\/v-plenarne-posiedzenie-zarzadu\/\"]}]},{\"@type\":\"BreadcrumbList\",\"@id\":\"https:\/\/zeirpkielce.pl\/index.php\/2021\/07\/10\/v-plenarne-posiedzenie-zarzadu\/#breadcrumb\",\"itemListElement\":[{\"@type\":\"ListItem\",\"position\":1,\"name\":\"Strona g\u0142\u00f3wna\",\"item\":\"https:\/\/zeirpkielce.pl\/\"},{\"@type\":\"ListItem\",\"position\":2,\"name\":\"V Plenarne posiedzenie Zarz\u0105du\"}]},{\"@type\":\"WebSite\",\"@id\":\"https:\/\/zeirpkielce.pl\/#website\",\"url\":\"https:\/\/zeirpkielce.pl\/\",\"name\":\"Zwi\u0105zek Emeryt\u00f3w i Rencist\u00f3w Po\u017carnictwa RP Oddzia\u0142 \u015awi\u0119tokrzyski\",\"description\":\"\",\"publisher\":{\"@id\":\"https:\/\/zeirpkielce.pl\/#organization\"},\"potentialAction\":[{\"@type\":\"SearchAction\",\"target\":{\"@type\":\"EntryPoint\",\"urlTemplate\":\"https:\/\/zeirpkielce.pl\/?s={search_term_string}\"},\"query-input\":\"required name=search_term_string\"}],\"inLanguage\":\"pl-PL\"},{\"@type\":\"Organization\",\"@id\":\"https:\/\/zeirpkielce.pl\/#organization\",\"name\":\"Zwi\u0105zek Emeryt\u00f3w i Rencist\u00f3w Po\u017carnictwa RP Oddzia\u0142 \u015awi\u0119tokrzyski\",\"url\":\"https:\/\/zeirpkielce.pl\/\",\"logo\":{\"@type\":\"ImageObject\",\"inLanguage\":\"pl-PL\",\"@id\":\"https:\/\/zeirpkielce.pl\/#\/schema\/logo\/image\/\",\"url\":\"https:\/\/zeirpkielce.pl\/wp-content\/uploads\/2022\/12\/cropped-zeirprplogo.png\",\"contentUrl\":\"https:\/\/zeirpkielce.pl\/wp-content\/uploads\/2022\/12\/cropped-zeirprplogo.png\",\"width\":248,\"height\":248,\"caption\":\"Zwi\u0105zek Emeryt\u00f3w i Rencist\u00f3w Po\u017carnictwa RP Oddzia\u0142 \u015awi\u0119tokrzyski\"},\"image\":{\"@id\":\"https:\/\/zeirpkielce.pl\/#\/schema\/logo\/image\/\"}},{\"@type\":\"Person\",\"@id\":\"https:\/\/zeirpkielce.pl\/#\/schema\/person\/517b52bd0a40d3b7e67a689a7028b618\",\"name\":\"admin\",\"image\":{\"@type\":\"ImageObject\",\"inLanguage\":\"pl-PL\",\"@id\":\"https:\/\/zeirpkielce.pl\/#\/schema\/person\/image\/\",\"url\":\"https:\/\/secure.gravatar.com\/avatar\/01e5bf355c02dd1777aba6eec5802cfd0f0404229aa9fd3bd63f3dabc5ca22c4?s=96&d=mm&r=g\",\"contentUrl\":\"https:\/\/secure.gravatar.com\/avatar\/01e5bf355c02dd1777aba6eec5802cfd0f0404229aa9fd3bd63f3dabc5ca22c4?s=96&d=mm&r=g\",\"caption\":\"admin\"},\"sameAs\":[\"http:\/\/zeirpkielce.pl\"],\"url\":\"https:\/\/zeirpkielce.pl\/index.php\/author\/admin\/\"}]}<\/script>\n<!-- \/ Yoast SEO plugin. -->","yoast_head_json":{"title":"V Plenarne posiedzenie Zarz\u0105du - Zwi\u0105zek Emeryt\u00f3w i Rencist\u00f3w Po\u017carnictwa RP Oddzia\u0142 \u015awi\u0119tokrzyski","robots":{"index":"index","follow":"follow","max-snippet":"max-snippet:-1","max-image-preview":"max-image-preview:large","max-video-preview":"max-video-preview:-1"},"canonical":"https:\/\/zeirpkielce.pl\/index.php\/2021\/07\/10\/v-plenarne-posiedzenie-zarzadu\/","og_locale":"pl_PL","og_type":"article","og_title":"V Plenarne posiedzenie Zarz\u0105du - Zwi\u0105zek Emeryt\u00f3w i Rencist\u00f3w Po\u017carnictwa RP Oddzia\u0142 \u015awi\u0119tokrzyski","og_description":"W dniu 29 czerwca br. w Restauracji Chelosiowy Dw\u00f3r w miejscowo\u015bci Jaworznia odby\u0142o si\u0119 V Plenarne posiedzenie Oddzia\u0142u Wojew\u00f3dzkiego ZE i RP RP w kt\u00f3rym udzia\u0142 wzi\u0119li Prezesi oraz skarbnicy zarz\u0105d\u00f3w k\u00f3\u0142 w\u00a0wojew\u00f3dztwie, Zarz\u0105d Oddzia\u0142u Wojew\u00f3dzkiego oraz Wojew\u00f3dzka Komisja Rewizyjna. W plenarnym posiedzeniu wzi\u0119li udzia\u0142 zaproszeni go\u015bcie w osobach: Po zapoznaniu uczestnik\u00f3w posiedzenia z programem &hellip; Czytaj dalej V Plenarne posiedzenie Zarz\u0105du","og_url":"https:\/\/zeirpkielce.pl\/index.php\/2021\/07\/10\/v-plenarne-posiedzenie-zarzadu\/","og_site_name":"Zwi\u0105zek Emeryt\u00f3w i Rencist\u00f3w Po\u017carnictwa RP Oddzia\u0142 \u015awi\u0119tokrzyski","article_published_time":"2021-07-10T07:12:10+00:00","article_modified_time":"2022-12-23T08:58:55+00:00","og_image":[{"width":1728,"height":798,"url":"https:\/\/zeirpkielce.pl\/wp-content\/uploads\/2022\/12\/5_posiedzenie_1.jpeg","type":"image\/jpeg"}],"author":"admin","twitter_card":"summary_large_image","twitter_misc":{"Napisane przez":"admin","Szacowany czas czytania":"2 minuty"},"schema":{"@context":"https:\/\/schema.org","@graph":[{"@type":"Article","@id":"https:\/\/zeirpkielce.pl\/index.php\/2021\/07\/10\/v-plenarne-posiedzenie-zarzadu\/#article","isPartOf":{"@id":"https:\/\/zeirpkielce.pl\/index.php\/2021\/07\/10\/v-plenarne-posiedzenie-zarzadu\/"},"author":{"name":"admin","@id":"https:\/\/zeirpkielce.pl\/#\/schema\/person\/517b52bd0a40d3b7e67a689a7028b618"},"headline":"V Plenarne posiedzenie Zarz\u0105du","datePublished":"2021-07-10T07:12:10+00:00","dateModified":"2022-12-23T08:58:55+00:00","mainEntityOfPage":{"@id":"https:\/\/zeirpkielce.pl\/index.php\/2021\/07\/10\/v-plenarne-posiedzenie-zarzadu\/"},"wordCount":321,"publisher":{"@id":"https:\/\/zeirpkielce.pl\/#organization"},"articleSection":["Posiedzenia"],"inLanguage":"pl-PL"},{"@type":"WebPage","@id":"https:\/\/zeirpkielce.pl\/index.php\/2021\/07\/10\/v-plenarne-posiedzenie-zarzadu\/","url":"https:\/\/zeirpkielce.pl\/index.php\/2021\/07\/10\/v-plenarne-posiedzenie-zarzadu\/","name":"V Plenarne posiedzenie Zarz\u0105du - Zwi\u0105zek Emeryt\u00f3w i Rencist\u00f3w Po\u017carnictwa RP Oddzia\u0142 \u015awi\u0119tokrzyski","isPartOf":{"@id":"https:\/\/zeirpkielce.pl\/#website"},"datePublished":"2021-07-10T07:12:10+00:00","dateModified":"2022-12-23T08:58:55+00:00","breadcrumb":{"@id":"https:\/\/zeirpkielce.pl\/index.php\/2021\/07\/10\/v-plenarne-posiedzenie-zarzadu\/#breadcrumb"},"inLanguage":"pl-PL","potentialAction":[{"@type":"ReadAction","target":["https:\/\/zeirpkielce.pl\/index.php\/2021\/07\/10\/v-plenarne-posiedzenie-zarzadu\/"]}]},{"@type":"BreadcrumbList","@id":"https:\/\/zeirpkielce.pl\/index.php\/2021\/07\/10\/v-plenarne-posiedzenie-zarzadu\/#breadcrumb","itemListElement":[{"@type":"ListItem","position":1,"name":"Strona g\u0142\u00f3wna","item":"https:\/\/zeirpkielce.pl\/"},{"@type":"ListItem","position":2,"name":"V Plenarne posiedzenie Zarz\u0105du"}]},{"@type":"WebSite","@id":"https:\/\/zeirpkielce.pl\/#website","url":"https:\/\/zeirpkielce.pl\/","name":"Zwi\u0105zek Emeryt\u00f3w i Rencist\u00f3w Po\u017carnictwa RP Oddzia\u0142 \u015awi\u0119tokrzyski","description":"","publisher":{"@id":"https:\/\/zeirpkielce.pl\/#organization"},"potentialAction":[{"@type":"SearchAction","target":{"@type":"EntryPoint","urlTemplate":"https:\/\/zeirpkielce.pl\/?s={search_term_string}"},"query-input":"required name=search_term_string"}],"inLanguage":"pl-PL"},{"@type":"Organization","@id":"https:\/\/zeirpkielce.pl\/#organization","name":"Zwi\u0105zek Emeryt\u00f3w i Rencist\u00f3w Po\u017carnictwa RP Oddzia\u0142 \u015awi\u0119tokrzyski","url":"https:\/\/zeirpkielce.pl\/","logo":{"@type":"ImageObject","inLanguage":"pl-PL","@id":"https:\/\/zeirpkielce.pl\/#\/schema\/logo\/image\/","url":"https:\/\/zeirpkielce.pl\/wp-content\/uploads\/2022\/12\/cropped-zeirprplogo.png","contentUrl":"https:\/\/zeirpkielce.pl\/wp-content\/uploads\/2022\/12\/cropped-zeirprplogo.png","width":248,"height":248,"caption":"Zwi\u0105zek Emeryt\u00f3w i Rencist\u00f3w Po\u017carnictwa RP Oddzia\u0142 \u015awi\u0119tokrzyski"},"image":{"@id":"https:\/\/zeirpkielce.pl\/#\/schema\/logo\/image\/"}},{"@type":"Person","@id":"https:\/\/zeirpkielce.pl\/#\/schema\/person\/517b52bd0a40d3b7e67a689a7028b618","name":"admin","image":{"@type":"ImageObject","inLanguage":"pl-PL","@id":"https:\/\/zeirpkielce.pl\/#\/schema\/person\/image\/","url":"https:\/\/secure.gravatar.com\/avatar\/01e5bf355c02dd1777aba6eec5802cfd0f0404229aa9fd3bd63f3dabc5ca22c4?s=96&d=mm&r=g","contentUrl":"https:\/\/secure.gravatar.com\/avatar\/01e5bf355c02dd1777aba6eec5802cfd0f0404229aa9fd3bd63f3dabc5ca22c4?s=96&d=mm&r=g","caption":"admin"},"sameAs":["http:\/\/zeirpkielce.pl"],"url":"https:\/\/zeirpkielce.pl\/index.php\/author\/admin\/"}]}},"_links":{"self":[{"href":"https:\/\/zeirpkielce.pl\/index.php\/wp-json\/wp\/v2\/posts\/167","targetHints":{"allow":["GET"]}}],"collection":[{"href":"https:\/\/zeirpkielce.pl\/index.php\/wp-json\/wp\/v2\/posts"}],"about":[{"href":"https:\/\/zeirpkielce.pl\/index.php\/wp-json\/wp\/v2\/types\/post"}],"author":[{"embeddable":true,"href":"https:\/\/zeirpkielce.pl\/index.php\/wp-json\/wp\/v2\/users\/1"}],"replies":[{"embeddable":true,"href":"https:\/\/zeirpkielce.pl\/index.php\/wp-json\/wp\/v2\/comments?post=167"}],"version-history":[{"count":2,"href":"https:\/\/zeirpkielce.pl\/index.php\/wp-json\/wp\/v2\/posts\/167\/revisions"}],"predecessor-version":[{"id":175,"href":"https:\/\/zeirpkielce.pl\/index.php\/wp-json\/wp\/v2\/posts\/167\/revisions\/175"}],"wp:featuredmedia":[{"embeddable":true,"href":"https:\/\/zeirpkielce.pl\/index.php\/wp-json\/wp\/v2\/media\/171"}],"wp:attachment":[{"href":"https:\/\/zeirpkielce.pl\/index.php\/wp-json\/wp\/v2\/media?parent=167"}],"wp:term":[{"taxonomy":"category","embeddable":true,"href":"https:\/\/zeirpkielce.pl\/index.php\/wp-json\/wp\/v2\/categories?post=167"},{"taxonomy":"post_tag","embeddable":true,"href":"https:\/\/zeirpkielce.pl\/index.php\/wp-json\/wp\/v2\/tags?post=167"}],"curies":[{"name":"wp","href":"https:\/\/api.w.org\/{rel}","templated":true}]}}