{"id":165,"date":"2021-12-20T09:07:11","date_gmt":"2021-12-20T08:07:11","guid":{"rendered":"https:\/\/zeirpkielce.pl\/?p=165"},"modified":"2022-12-23T09:58:50","modified_gmt":"2022-12-23T08:58:50","slug":"vi-plenarne-posiedzenie-zarzadu","status":"publish","type":"post","link":"https:\/\/zeirpkielce.pl\/index.php\/2021\/12\/20\/vi-plenarne-posiedzenie-zarzadu\/","title":{"rendered":"VI Plenarne posiedzenie Zarz\u0105du"},"content":{"rendered":"\n<p>W dniu 14 grudnia br. w Restauracji Pod M\u0142ynem w Morawicy odby\u0142o si\u0119 VI Plenarne posiedzenie Oddzia\u0142u Wojew\u00f3dzkiego ZE i RP RP w kt\u00f3rym udzia\u0142 wzi\u0119li Prezesi wszystkich k\u00f3\u0142 w wojew\u00f3dztwie, Zarz\u0105d Wojew\u00f3dzki oraz Wojew\u00f3dzka Komisja Rewizyjna.<\/p>\n\n\n\n<p>W plenarnym posiedzeniu wzi\u0119li udzia\u0142 zaproszeni go\u015bcie w osobach:<\/p>\n\n\n\n<ul class=\"wp-block-list\">\n<li>st. bryg. Krzysztof Ciosek\u00a0\u00a0 &#8211; \u015awi\u0119tokrzyski Komendant Wojew\u00f3dzki PSP,<\/li>\n\n\n\n<li>bryg. Mariusz G\u00f3ra \u2013 Zast\u0119pca Komendanta Miejskiego\u00a0 PSP w Kielcach,<\/li>\n\n\n\n<li>kol. Wies\u0142aw Woszczyna &#8211; V-ce Przewodnicz\u0105cy Zarz\u0105du G\u0142\u00f3wnego ZE i RP RP,<\/li>\n\n\n\n<li>kol. Jan Nowak i Marian Oksi\u0144ski \u2013 Prezesi Honorowi Zarz\u0105du Wojew\u00f3dzkiego,<\/li>\n\n\n\n<li>ks. kan. Marek Mruga\u0142a \u2013 Wojew\u00f3dzki Kapelan \u015bwi\u0119tokrzyskich stra\u017cak\u00f3w.<\/li>\n<\/ul>\n\n\n\n<p>Posiedzenie na wniosek Prezesa Oddzia\u0142u Wojew\u00f3dzkiego rozpocz\u0119to minut\u0105 ciszy pami\u0119ci zmar\u0142ych stra\u017cak\u00f3w i emeryt\u00f3w w roku 2021 a nast\u0119pnie w\u00a0 pierwszej cz\u0119\u015bci\u00a0 posiedzenia przekazano;<\/p>\n\n\n\n<ul class=\"wp-block-list\">\n<li>informacj\u0119 z posiedzenia Prezydium i Zarz\u0105du G\u0142\u00f3wnego ZE i RP RP za\u00a0ostatni okres,<\/li>\n\n\n\n<li>informacj\u0119 z dzia\u0142alno\u015bci Oddzia\u0142u Wojew\u00f3dzkiego i\u00a0 realizacji planu pracy za rok bie\u017c\u0105cy,<\/li>\n\n\n\n<li>przedstawiono sprawy finansowe Zarz\u0105du Wojew\u00f3dzkiego,<\/li>\n\n\n\n<li>informacj\u0119 Wojew\u00f3dzkiej Komisji Rewizyjnej Oddzia\u0142u Wojew\u00f3dzkiego,<\/li>\n\n\n\n<li>om\u00f3wiono realizacj\u0119 plan\u00f3w pracy w poszczeg\u00f3lnych ko\u0142ach,<\/li>\n\n\n\n<li>informacj\u0119 z prac Komisji Socjalnej o wykorzystaniu funduszu socjalnego w roku 2021,<\/li>\n\n\n\n<li>przedstawiono projekt planu pracy Zarz\u0105du Wojew\u00f3dzkiego na rok 2022, kt\u00f3ry po przeg\u0142osowaniu zatwierdzono.<\/li>\n<\/ul>\n\n\n\n<p>Prezes Zarz\u0105du Oddzia\u0142u Wojew\u00f3dzkiego podzi\u0119kowa\u0142 Panu Komendantowi Wojew\u00f3dzkiemu za okazana pomoc przy realizowaniu zada\u0144 statutowych zwi\u0105zku. Podzi\u0119kowania zosta\u0142y r\u00f3wnie\u017c skierowane do\u00a0Komendanta Miejskiego i Komendant\u00f3w Powiatowych.<\/p>\n\n\n\n<p>Pod sumuj\u0105c rok dzia\u0142alno\u015bci jako stowarzyszenia zarejestrowanego w&nbsp;KRS oraz okres trwaj\u0105cej pandemii kol. Jerzy Kurek podzi\u0119kowa\u0142 wszystkim prezesom i zarz\u0105dom k\u00f3\u0142 przy komendach powiatowych oraz miejskiej za&nbsp;zaanga\u017cowanie i&nbsp;po\u015bwiecenie swojego czasu na realizacje nakre\u015blonych zada\u0144, a w szczeg\u00f3lno\u015bci na integracj\u0119 \u015brodowiska emeryckiego.<\/p>\n\n\n\n<p>Drug\u0105 cz\u0119\u015b\u0107 bardziej uroczysta rozpocz\u0119\u0142a si\u0119 od po\u015bwi\u0119cenia op\u0142atk\u00f3w przez Kapelana Wojew\u00f3dzkiego ks. kan. Marka Mruga\u0142\u0119 kt\u00f3ry nast\u0119pnie wyg\u0142osi\u0142 S\u0142owo Bo\u017ce, odm\u00f3wi\u0142 modlitw\u0119 i po za\u015bpiewaniu kalendy \u0142ami\u0105c si\u0119 op\u0142atkiem z\u0142o\u017cono sobie \u017byczenia \u015awi\u0105teczne i Noworoczne. Spotkanie zako\u0144czy\u0142o si\u0119 wsp\u00f3lnym \u015bwi\u0105tecznym obiadem.<\/p>\n\n\n\n<figure class=\"wp-block-image size-large\"><img loading=\"lazy\" decoding=\"async\" width=\"1024\" height=\"768\" src=\"https:\/\/zeirpkielce.pl\/wp-content\/uploads\/2022\/12\/6_posiedzenie_2-1024x768.jpeg\" alt=\"\" class=\"wp-image-164\" srcset=\"https:\/\/zeirpkielce.pl\/wp-content\/uploads\/2022\/12\/6_posiedzenie_2-1024x768.jpeg 1024w, https:\/\/zeirpkielce.pl\/wp-content\/uploads\/2022\/12\/6_posiedzenie_2-300x225.jpeg 300w, https:\/\/zeirpkielce.pl\/wp-content\/uploads\/2022\/12\/6_posiedzenie_2-768x576.jpeg 768w, https:\/\/zeirpkielce.pl\/wp-content\/uploads\/2022\/12\/6_posiedzenie_2-1536x1152.jpeg 1536w, https:\/\/zeirpkielce.pl\/wp-content\/uploads\/2022\/12\/6_posiedzenie_2.jpeg 1600w\" sizes=\"auto, (max-width: 1024px) 100vw, 1024px\" \/><\/figure>\n\n\n\n<p><\/p>\n\n\n\n<figure class=\"wp-block-image size-large\"><img loading=\"lazy\" decoding=\"async\" width=\"1024\" height=\"768\" src=\"https:\/\/zeirpkielce.pl\/wp-content\/uploads\/2022\/12\/6_posiedzenie_4-1024x768.jpeg\" alt=\"\" class=\"wp-image-163\" srcset=\"https:\/\/zeirpkielce.pl\/wp-content\/uploads\/2022\/12\/6_posiedzenie_4-1024x768.jpeg 1024w, https:\/\/zeirpkielce.pl\/wp-content\/uploads\/2022\/12\/6_posiedzenie_4-300x225.jpeg 300w, https:\/\/zeirpkielce.pl\/wp-content\/uploads\/2022\/12\/6_posiedzenie_4-768x576.jpeg 768w, https:\/\/zeirpkielce.pl\/wp-content\/uploads\/2022\/12\/6_posiedzenie_4-1536x1152.jpeg 1536w, https:\/\/zeirpkielce.pl\/wp-content\/uploads\/2022\/12\/6_posiedzenie_4.jpeg 1600w\" sizes=\"auto, (max-width: 1024px) 100vw, 1024px\" \/><\/figure>\n\n\n\n<p><\/p>\n\n\n\n<figure class=\"wp-block-image size-large\"><img loading=\"lazy\" decoding=\"async\" width=\"1024\" height=\"768\" src=\"https:\/\/zeirpkielce.pl\/wp-content\/uploads\/2022\/12\/6_posiedzenie_3-1024x768.jpeg\" alt=\"\" class=\"wp-image-162\" srcset=\"https:\/\/zeirpkielce.pl\/wp-content\/uploads\/2022\/12\/6_posiedzenie_3-1024x768.jpeg 1024w, https:\/\/zeirpkielce.pl\/wp-content\/uploads\/2022\/12\/6_posiedzenie_3-300x225.jpeg 300w, https:\/\/zeirpkielce.pl\/wp-content\/uploads\/2022\/12\/6_posiedzenie_3-768x576.jpeg 768w, https:\/\/zeirpkielce.pl\/wp-content\/uploads\/2022\/12\/6_posiedzenie_3-1536x1152.jpeg 1536w, https:\/\/zeirpkielce.pl\/wp-content\/uploads\/2022\/12\/6_posiedzenie_3.jpeg 1600w\" sizes=\"auto, (max-width: 1024px) 100vw, 1024px\" \/><\/figure>\n","protected":false},"excerpt":{"rendered":"<p>W dniu 14 grudnia br. w Restauracji Pod M\u0142ynem w Morawicy odby\u0142o si\u0119 VI Plenarne posiedzenie Oddzia\u0142u Wojew\u00f3dzkiego ZE i RP RP w kt\u00f3rym udzia\u0142 wzi\u0119li Prezesi wszystkich k\u00f3\u0142 w wojew\u00f3dztwie, Zarz\u0105d Wojew\u00f3dzki oraz Wojew\u00f3dzka Komisja Rewizyjna. W plenarnym posiedzeniu wzi\u0119li udzia\u0142 zaproszeni go\u015bcie w osobach: Posiedzenie na wniosek Prezesa Oddzia\u0142u Wojew\u00f3dzkiego rozpocz\u0119to minut\u0105 ciszy &hellip; <a href=\"https:\/\/zeirpkielce.pl\/index.php\/2021\/12\/20\/vi-plenarne-posiedzenie-zarzadu\/\" class=\"more-link\">Czytaj dalej <span class=\"screen-reader-text\">VI Plenarne posiedzenie Zarz\u0105du<\/span><\/a><\/p>\n","protected":false},"author":1,"featured_media":161,"comment_status":"closed","ping_status":"open","sticky":false,"template":"","format":"standard","meta":{"footnotes":""},"categories":[9],"tags":[],"class_list":["post-165","post","type-post","status-publish","format-standard","has-post-thumbnail","hentry","category-posiedzenia"],"yoast_head":"<!-- This site is optimized with the Yoast SEO plugin v21.7 - https:\/\/yoast.com\/wordpress\/plugins\/seo\/ -->\n<title>VI Plenarne posiedzenie Zarz\u0105du - Zwi\u0105zek Emeryt\u00f3w i Rencist\u00f3w Po\u017carnictwa RP Oddzia\u0142 \u015awi\u0119tokrzyski<\/title>\n<meta name=\"robots\" content=\"index, follow, max-snippet:-1, max-image-preview:large, max-video-preview:-1\" \/>\n<link rel=\"canonical\" href=\"https:\/\/zeirpkielce.pl\/index.php\/2021\/12\/20\/vi-plenarne-posiedzenie-zarzadu\/\" \/>\n<meta property=\"og:locale\" content=\"pl_PL\" \/>\n<meta property=\"og:type\" content=\"article\" \/>\n<meta property=\"og:title\" content=\"VI Plenarne posiedzenie Zarz\u0105du - Zwi\u0105zek Emeryt\u00f3w i Rencist\u00f3w Po\u017carnictwa RP Oddzia\u0142 \u015awi\u0119tokrzyski\" \/>\n<meta property=\"og:description\" content=\"W dniu 14 grudnia br. w Restauracji Pod M\u0142ynem w Morawicy odby\u0142o si\u0119 VI Plenarne posiedzenie Oddzia\u0142u Wojew\u00f3dzkiego ZE i RP RP w kt\u00f3rym udzia\u0142 wzi\u0119li Prezesi wszystkich k\u00f3\u0142 w wojew\u00f3dztwie, Zarz\u0105d Wojew\u00f3dzki oraz Wojew\u00f3dzka Komisja Rewizyjna. W plenarnym posiedzeniu wzi\u0119li udzia\u0142 zaproszeni go\u015bcie w osobach: Posiedzenie na wniosek Prezesa Oddzia\u0142u Wojew\u00f3dzkiego rozpocz\u0119to minut\u0105 ciszy &hellip; Czytaj dalej VI Plenarne posiedzenie Zarz\u0105du\" \/>\n<meta property=\"og:url\" content=\"https:\/\/zeirpkielce.pl\/index.php\/2021\/12\/20\/vi-plenarne-posiedzenie-zarzadu\/\" \/>\n<meta property=\"og:site_name\" content=\"Zwi\u0105zek Emeryt\u00f3w i Rencist\u00f3w Po\u017carnictwa RP Oddzia\u0142 \u015awi\u0119tokrzyski\" \/>\n<meta property=\"article:published_time\" content=\"2021-12-20T08:07:11+00:00\" \/>\n<meta property=\"article:modified_time\" content=\"2022-12-23T08:58:50+00:00\" \/>\n<meta property=\"og:image\" content=\"https:\/\/zeirpkielce.pl\/wp-content\/uploads\/2022\/12\/6_posiedzenie_1.jpeg\" \/>\n\t<meta property=\"og:image:width\" content=\"1500\" \/>\n\t<meta property=\"og:image:height\" content=\"1125\" \/>\n\t<meta property=\"og:image:type\" content=\"image\/jpeg\" \/>\n<meta name=\"author\" content=\"admin\" \/>\n<meta name=\"twitter:card\" content=\"summary_large_image\" \/>\n<meta name=\"twitter:label1\" content=\"Napisane przez\" \/>\n\t<meta name=\"twitter:data1\" content=\"admin\" \/>\n\t<meta name=\"twitter:label2\" content=\"Szacowany czas czytania\" \/>\n\t<meta name=\"twitter:data2\" content=\"2 minuty\" \/>\n<script type=\"application\/ld+json\" class=\"yoast-schema-graph\">{\"@context\":\"https:\/\/schema.org\",\"@graph\":[{\"@type\":\"Article\",\"@id\":\"https:\/\/zeirpkielce.pl\/index.php\/2021\/12\/20\/vi-plenarne-posiedzenie-zarzadu\/#article\",\"isPartOf\":{\"@id\":\"https:\/\/zeirpkielce.pl\/index.php\/2021\/12\/20\/vi-plenarne-posiedzenie-zarzadu\/\"},\"author\":{\"name\":\"admin\",\"@id\":\"https:\/\/zeirpkielce.pl\/#\/schema\/person\/517b52bd0a40d3b7e67a689a7028b618\"},\"headline\":\"VI Plenarne posiedzenie Zarz\u0105du\",\"datePublished\":\"2021-12-20T08:07:11+00:00\",\"dateModified\":\"2022-12-23T08:58:50+00:00\",\"mainEntityOfPage\":{\"@id\":\"https:\/\/zeirpkielce.pl\/index.php\/2021\/12\/20\/vi-plenarne-posiedzenie-zarzadu\/\"},\"wordCount\":404,\"publisher\":{\"@id\":\"https:\/\/zeirpkielce.pl\/#organization\"},\"articleSection\":[\"Posiedzenia\"],\"inLanguage\":\"pl-PL\"},{\"@type\":\"WebPage\",\"@id\":\"https:\/\/zeirpkielce.pl\/index.php\/2021\/12\/20\/vi-plenarne-posiedzenie-zarzadu\/\",\"url\":\"https:\/\/zeirpkielce.pl\/index.php\/2021\/12\/20\/vi-plenarne-posiedzenie-zarzadu\/\",\"name\":\"VI Plenarne posiedzenie Zarz\u0105du - Zwi\u0105zek Emeryt\u00f3w i Rencist\u00f3w Po\u017carnictwa RP Oddzia\u0142 \u015awi\u0119tokrzyski\",\"isPartOf\":{\"@id\":\"https:\/\/zeirpkielce.pl\/#website\"},\"datePublished\":\"2021-12-20T08:07:11+00:00\",\"dateModified\":\"2022-12-23T08:58:50+00:00\",\"breadcrumb\":{\"@id\":\"https:\/\/zeirpkielce.pl\/index.php\/2021\/12\/20\/vi-plenarne-posiedzenie-zarzadu\/#breadcrumb\"},\"inLanguage\":\"pl-PL\",\"potentialAction\":[{\"@type\":\"ReadAction\",\"target\":[\"https:\/\/zeirpkielce.pl\/index.php\/2021\/12\/20\/vi-plenarne-posiedzenie-zarzadu\/\"]}]},{\"@type\":\"BreadcrumbList\",\"@id\":\"https:\/\/zeirpkielce.pl\/index.php\/2021\/12\/20\/vi-plenarne-posiedzenie-zarzadu\/#breadcrumb\",\"itemListElement\":[{\"@type\":\"ListItem\",\"position\":1,\"name\":\"Strona g\u0142\u00f3wna\",\"item\":\"https:\/\/zeirpkielce.pl\/\"},{\"@type\":\"ListItem\",\"position\":2,\"name\":\"VI Plenarne posiedzenie Zarz\u0105du\"}]},{\"@type\":\"WebSite\",\"@id\":\"https:\/\/zeirpkielce.pl\/#website\",\"url\":\"https:\/\/zeirpkielce.pl\/\",\"name\":\"Zwi\u0105zek Emeryt\u00f3w i Rencist\u00f3w Po\u017carnictwa RP Oddzia\u0142 \u015awi\u0119tokrzyski\",\"description\":\"\",\"publisher\":{\"@id\":\"https:\/\/zeirpkielce.pl\/#organization\"},\"potentialAction\":[{\"@type\":\"SearchAction\",\"target\":{\"@type\":\"EntryPoint\",\"urlTemplate\":\"https:\/\/zeirpkielce.pl\/?s={search_term_string}\"},\"query-input\":\"required name=search_term_string\"}],\"inLanguage\":\"pl-PL\"},{\"@type\":\"Organization\",\"@id\":\"https:\/\/zeirpkielce.pl\/#organization\",\"name\":\"Zwi\u0105zek Emeryt\u00f3w i Rencist\u00f3w Po\u017carnictwa RP Oddzia\u0142 \u015awi\u0119tokrzyski\",\"url\":\"https:\/\/zeirpkielce.pl\/\",\"logo\":{\"@type\":\"ImageObject\",\"inLanguage\":\"pl-PL\",\"@id\":\"https:\/\/zeirpkielce.pl\/#\/schema\/logo\/image\/\",\"url\":\"https:\/\/zeirpkielce.pl\/wp-content\/uploads\/2022\/12\/cropped-zeirprplogo.png\",\"contentUrl\":\"https:\/\/zeirpkielce.pl\/wp-content\/uploads\/2022\/12\/cropped-zeirprplogo.png\",\"width\":248,\"height\":248,\"caption\":\"Zwi\u0105zek Emeryt\u00f3w i Rencist\u00f3w Po\u017carnictwa RP Oddzia\u0142 \u015awi\u0119tokrzyski\"},\"image\":{\"@id\":\"https:\/\/zeirpkielce.pl\/#\/schema\/logo\/image\/\"}},{\"@type\":\"Person\",\"@id\":\"https:\/\/zeirpkielce.pl\/#\/schema\/person\/517b52bd0a40d3b7e67a689a7028b618\",\"name\":\"admin\",\"image\":{\"@type\":\"ImageObject\",\"inLanguage\":\"pl-PL\",\"@id\":\"https:\/\/zeirpkielce.pl\/#\/schema\/person\/image\/\",\"url\":\"https:\/\/secure.gravatar.com\/avatar\/01e5bf355c02dd1777aba6eec5802cfd0f0404229aa9fd3bd63f3dabc5ca22c4?s=96&d=mm&r=g\",\"contentUrl\":\"https:\/\/secure.gravatar.com\/avatar\/01e5bf355c02dd1777aba6eec5802cfd0f0404229aa9fd3bd63f3dabc5ca22c4?s=96&d=mm&r=g\",\"caption\":\"admin\"},\"sameAs\":[\"http:\/\/zeirpkielce.pl\"],\"url\":\"https:\/\/zeirpkielce.pl\/index.php\/author\/admin\/\"}]}<\/script>\n<!-- \/ Yoast SEO plugin. -->","yoast_head_json":{"title":"VI Plenarne posiedzenie Zarz\u0105du - Zwi\u0105zek Emeryt\u00f3w i Rencist\u00f3w Po\u017carnictwa RP Oddzia\u0142 \u015awi\u0119tokrzyski","robots":{"index":"index","follow":"follow","max-snippet":"max-snippet:-1","max-image-preview":"max-image-preview:large","max-video-preview":"max-video-preview:-1"},"canonical":"https:\/\/zeirpkielce.pl\/index.php\/2021\/12\/20\/vi-plenarne-posiedzenie-zarzadu\/","og_locale":"pl_PL","og_type":"article","og_title":"VI Plenarne posiedzenie Zarz\u0105du - Zwi\u0105zek Emeryt\u00f3w i Rencist\u00f3w Po\u017carnictwa RP Oddzia\u0142 \u015awi\u0119tokrzyski","og_description":"W dniu 14 grudnia br. w Restauracji Pod M\u0142ynem w Morawicy odby\u0142o si\u0119 VI Plenarne posiedzenie Oddzia\u0142u Wojew\u00f3dzkiego ZE i RP RP w kt\u00f3rym udzia\u0142 wzi\u0119li Prezesi wszystkich k\u00f3\u0142 w wojew\u00f3dztwie, Zarz\u0105d Wojew\u00f3dzki oraz Wojew\u00f3dzka Komisja Rewizyjna. W plenarnym posiedzeniu wzi\u0119li udzia\u0142 zaproszeni go\u015bcie w osobach: Posiedzenie na wniosek Prezesa Oddzia\u0142u Wojew\u00f3dzkiego rozpocz\u0119to minut\u0105 ciszy &hellip; Czytaj dalej VI Plenarne posiedzenie Zarz\u0105du","og_url":"https:\/\/zeirpkielce.pl\/index.php\/2021\/12\/20\/vi-plenarne-posiedzenie-zarzadu\/","og_site_name":"Zwi\u0105zek Emeryt\u00f3w i Rencist\u00f3w Po\u017carnictwa RP Oddzia\u0142 \u015awi\u0119tokrzyski","article_published_time":"2021-12-20T08:07:11+00:00","article_modified_time":"2022-12-23T08:58:50+00:00","og_image":[{"width":1500,"height":1125,"url":"https:\/\/zeirpkielce.pl\/wp-content\/uploads\/2022\/12\/6_posiedzenie_1.jpeg","type":"image\/jpeg"}],"author":"admin","twitter_card":"summary_large_image","twitter_misc":{"Napisane przez":"admin","Szacowany czas czytania":"2 minuty"},"schema":{"@context":"https:\/\/schema.org","@graph":[{"@type":"Article","@id":"https:\/\/zeirpkielce.pl\/index.php\/2021\/12\/20\/vi-plenarne-posiedzenie-zarzadu\/#article","isPartOf":{"@id":"https:\/\/zeirpkielce.pl\/index.php\/2021\/12\/20\/vi-plenarne-posiedzenie-zarzadu\/"},"author":{"name":"admin","@id":"https:\/\/zeirpkielce.pl\/#\/schema\/person\/517b52bd0a40d3b7e67a689a7028b618"},"headline":"VI Plenarne posiedzenie Zarz\u0105du","datePublished":"2021-12-20T08:07:11+00:00","dateModified":"2022-12-23T08:58:50+00:00","mainEntityOfPage":{"@id":"https:\/\/zeirpkielce.pl\/index.php\/2021\/12\/20\/vi-plenarne-posiedzenie-zarzadu\/"},"wordCount":404,"publisher":{"@id":"https:\/\/zeirpkielce.pl\/#organization"},"articleSection":["Posiedzenia"],"inLanguage":"pl-PL"},{"@type":"WebPage","@id":"https:\/\/zeirpkielce.pl\/index.php\/2021\/12\/20\/vi-plenarne-posiedzenie-zarzadu\/","url":"https:\/\/zeirpkielce.pl\/index.php\/2021\/12\/20\/vi-plenarne-posiedzenie-zarzadu\/","name":"VI Plenarne posiedzenie Zarz\u0105du - Zwi\u0105zek Emeryt\u00f3w i Rencist\u00f3w Po\u017carnictwa RP Oddzia\u0142 \u015awi\u0119tokrzyski","isPartOf":{"@id":"https:\/\/zeirpkielce.pl\/#website"},"datePublished":"2021-12-20T08:07:11+00:00","dateModified":"2022-12-23T08:58:50+00:00","breadcrumb":{"@id":"https:\/\/zeirpkielce.pl\/index.php\/2021\/12\/20\/vi-plenarne-posiedzenie-zarzadu\/#breadcrumb"},"inLanguage":"pl-PL","potentialAction":[{"@type":"ReadAction","target":["https:\/\/zeirpkielce.pl\/index.php\/2021\/12\/20\/vi-plenarne-posiedzenie-zarzadu\/"]}]},{"@type":"BreadcrumbList","@id":"https:\/\/zeirpkielce.pl\/index.php\/2021\/12\/20\/vi-plenarne-posiedzenie-zarzadu\/#breadcrumb","itemListElement":[{"@type":"ListItem","position":1,"name":"Strona g\u0142\u00f3wna","item":"https:\/\/zeirpkielce.pl\/"},{"@type":"ListItem","position":2,"name":"VI Plenarne posiedzenie Zarz\u0105du"}]},{"@type":"WebSite","@id":"https:\/\/zeirpkielce.pl\/#website","url":"https:\/\/zeirpkielce.pl\/","name":"Zwi\u0105zek Emeryt\u00f3w i Rencist\u00f3w Po\u017carnictwa RP Oddzia\u0142 \u015awi\u0119tokrzyski","description":"","publisher":{"@id":"https:\/\/zeirpkielce.pl\/#organization"},"potentialAction":[{"@type":"SearchAction","target":{"@type":"EntryPoint","urlTemplate":"https:\/\/zeirpkielce.pl\/?s={search_term_string}"},"query-input":"required name=search_term_string"}],"inLanguage":"pl-PL"},{"@type":"Organization","@id":"https:\/\/zeirpkielce.pl\/#organization","name":"Zwi\u0105zek Emeryt\u00f3w i Rencist\u00f3w Po\u017carnictwa RP Oddzia\u0142 \u015awi\u0119tokrzyski","url":"https:\/\/zeirpkielce.pl\/","logo":{"@type":"ImageObject","inLanguage":"pl-PL","@id":"https:\/\/zeirpkielce.pl\/#\/schema\/logo\/image\/","url":"https:\/\/zeirpkielce.pl\/wp-content\/uploads\/2022\/12\/cropped-zeirprplogo.png","contentUrl":"https:\/\/zeirpkielce.pl\/wp-content\/uploads\/2022\/12\/cropped-zeirprplogo.png","width":248,"height":248,"caption":"Zwi\u0105zek Emeryt\u00f3w i Rencist\u00f3w Po\u017carnictwa RP Oddzia\u0142 \u015awi\u0119tokrzyski"},"image":{"@id":"https:\/\/zeirpkielce.pl\/#\/schema\/logo\/image\/"}},{"@type":"Person","@id":"https:\/\/zeirpkielce.pl\/#\/schema\/person\/517b52bd0a40d3b7e67a689a7028b618","name":"admin","image":{"@type":"ImageObject","inLanguage":"pl-PL","@id":"https:\/\/zeirpkielce.pl\/#\/schema\/person\/image\/","url":"https:\/\/secure.gravatar.com\/avatar\/01e5bf355c02dd1777aba6eec5802cfd0f0404229aa9fd3bd63f3dabc5ca22c4?s=96&d=mm&r=g","contentUrl":"https:\/\/secure.gravatar.com\/avatar\/01e5bf355c02dd1777aba6eec5802cfd0f0404229aa9fd3bd63f3dabc5ca22c4?s=96&d=mm&r=g","caption":"admin"},"sameAs":["http:\/\/zeirpkielce.pl"],"url":"https:\/\/zeirpkielce.pl\/index.php\/author\/admin\/"}]}},"_links":{"self":[{"href":"https:\/\/zeirpkielce.pl\/index.php\/wp-json\/wp\/v2\/posts\/165","targetHints":{"allow":["GET"]}}],"collection":[{"href":"https:\/\/zeirpkielce.pl\/index.php\/wp-json\/wp\/v2\/posts"}],"about":[{"href":"https:\/\/zeirpkielce.pl\/index.php\/wp-json\/wp\/v2\/types\/post"}],"author":[{"embeddable":true,"href":"https:\/\/zeirpkielce.pl\/index.php\/wp-json\/wp\/v2\/users\/1"}],"replies":[{"embeddable":true,"href":"https:\/\/zeirpkielce.pl\/index.php\/wp-json\/wp\/v2\/comments?post=165"}],"version-history":[{"count":1,"href":"https:\/\/zeirpkielce.pl\/index.php\/wp-json\/wp\/v2\/posts\/165\/revisions"}],"predecessor-version":[{"id":166,"href":"https:\/\/zeirpkielce.pl\/index.php\/wp-json\/wp\/v2\/posts\/165\/revisions\/166"}],"wp:featuredmedia":[{"embeddable":true,"href":"https:\/\/zeirpkielce.pl\/index.php\/wp-json\/wp\/v2\/media\/161"}],"wp:attachment":[{"href":"https:\/\/zeirpkielce.pl\/index.php\/wp-json\/wp\/v2\/media?parent=165"}],"wp:term":[{"taxonomy":"category","embeddable":true,"href":"https:\/\/zeirpkielce.pl\/index.php\/wp-json\/wp\/v2\/categories?post=165"},{"taxonomy":"post_tag","embeddable":true,"href":"https:\/\/zeirpkielce.pl\/index.php\/wp-json\/wp\/v2\/tags?post=165"}],"curies":[{"name":"wp","href":"https:\/\/api.w.org\/{rel}","templated":true}]}}